{"id":2284,"date":"2022-06-18T07:33:24","date_gmt":"2022-06-18T07:33:24","guid":{"rendered":"https:\/\/mecagro.md\/?p=2284"},"modified":"2022-06-18T07:35:45","modified_gmt":"2022-06-18T07:35:45","slug":"expozitia-internationala-specializata-de-masini-echipamente-si-tehnologii-destinate-complexului-agroindustrial-iugagro","status":"publish","type":"post","link":"https:\/\/mecagro.md\/ru\/expozitia-internationala-specializata-de-masini-echipamente-si-tehnologii-destinate-complexului-agroindustrial-iugagro\/","title":{"rendered":"Expozi\u0163ia Interna\u0163ional\u0103 Specializat\u0103 de ma\u015fini, echipamente \u015fi tehnologii destinate complexului agroindustrial \u201eIUGAGRO\u201d"},"content":{"rendered":"\n<p>\u00a0\u00cen perioada 24-28 noiembrie 2014 Institutul de Tehnic\u0103 Agricol\u0103 \u201eMecagro&#8221; a participat la Expozi\u0163ia Interna\u0163ional\u0103 Specializat\u0103 de ma\u015fini, echipamente \u015fi tehnologii destinate complexului agroindustrial \u201eIUGAGRO&#8221;, care a avut loc \u00een ora\u015ful Krasnodar, cea mai mare expozi\u0163ie regional\u0103 din Federa\u0163ia Rus\u0103. La expozi\u0163ie au participat peste 600 companii din 30 regiuni ale Federa\u0163iei Ruse, 31 \u021b\u0103ri din UE, Asia \u015fi America.<br>\u00a0\u00a0 Institutul \u201eMecagro&#8221; a prezentat la aceast\u0103 expozi\u0163ie prestigioas\u0103 ma\u0219ini \u015fi utilaje moderne pentru protec\u0163ia plantelor.<br>\u00a0\u00a0 Tehnica agricol\u0103 pentru protec\u0163ia livezilor, planta\u0163iilor vi\u0163ei de vie \u015fi culturilor de c\u00e2mp, produs\u0103 \u00een Moldova, s-a bucurat de un mare succes la produc\u0103torii agricoli din Regiunea Krasnodar. Cele mai apreciate au fost ma\u015finile de stropit pentru livezi \u015fi vii SLV-2000CR \u015fi SNU-2000TURBO.<br>\u00a0\u00a0 Ma\u015fina de stropit SLV-2000CR cu captare frontal\u0103 a aerulu, ce reduce p\u0103trunderea repetat\u0103 a pic\u0103turilor de lichid \u00een ansamblul de ventila\u0163ie \u2013 pulverizare, dispozitiv de redresare a aerului, ce reduce gradul de turbulen\u0163\u0103 a fluxului de aer, garant\u00eend distribuirea mai uniform\u0103 a pic\u0103turilor de lichid pe suprafa\u0163a tratat\u0103 \u015fi \u00een\u0103l\u0163imea de tratare p\u00e2n\u0103 la 7,5 m.<\/p>\n\n\n<div class=\"wp-block-image\">\n<figure class=\"aligncenter size-full\"><img loading=\"lazy\" decoding=\"async\" width=\"800\" height=\"450\" src=\"https:\/\/mecagro.md\/wp-content\/uploads\/2022\/04\/full_IMGA0008-2.jpg\" alt=\"\" class=\"wp-image-2282\" srcset=\"https:\/\/mecagro.md\/ru\/wp-content\/uploads\/2022\/04\/full_IMGA0008-2.jpg 800w, https:\/\/mecagro.md\/ru\/wp-content\/uploads\/2022\/04\/full_IMGA0008-2-300x169.jpg 300w, https:\/\/mecagro.md\/ru\/wp-content\/uploads\/2022\/04\/full_IMGA0008-2-768x432.jpg 768w, https:\/\/mecagro.md\/ru\/wp-content\/uploads\/2022\/04\/full_IMGA0008-2-600x338.jpg 600w\" sizes=\"auto, (max-width: 800px) 100vw, 800px\" \/><\/figure>\n<\/div>\n\n\n<p><strong>\u00a0Ma\u015fina de stropit SLV 2000CR a fost men\u0163ionat\u0103 cu Diploma de gradul 1 oferit\u0103 de Ministerul Agriculturii al Federa\u0163iei Ruse.<\/strong><\/p>\n\n\n<div class=\"wp-block-image\">\n<figure class=\"aligncenter size-full\"><img loading=\"lazy\" decoding=\"async\" width=\"600\" height=\"850\" src=\"https:\/\/mecagro.md\/wp-content\/uploads\/2022\/04\/iugagro2014.jpg\" alt=\"\" class=\"wp-image-2283\" srcset=\"https:\/\/mecagro.md\/ru\/wp-content\/uploads\/2022\/04\/iugagro2014.jpg 600w, https:\/\/mecagro.md\/ru\/wp-content\/uploads\/2022\/04\/iugagro2014-212x300.jpg 212w, https:\/\/mecagro.md\/ru\/wp-content\/uploads\/2022\/04\/iugagro2014-159x225.jpg 159w\" sizes=\"auto, (max-width: 600px) 100vw, 600px\" \/><\/figure>\n<\/div>","protected":false},"excerpt":{"rendered":"<p>\u00a0\u00cen perioada 24-28 noiembrie 2014 Institutul de Tehnic\u0103 Agricol\u0103 \u201eMecagro&#8221; a participat la Expozi\u0163ia Interna\u0163ional\u0103 Specializat\u0103 de ma\u015fini, echipamente \u015fi tehnologii destinate complexului agroindustrial \u201eIUGAGRO&#8221;, care a avut loc \u00een ora\u015ful Krasnodar, cea mai mare expozi\u0163ie regional\u0103 din Federa\u0163ia Rus\u0103. La expozi\u0163ie au participat peste 600 companii din 30 regiuni ale Federa\u0163iei Ruse, 31 \u021b\u0103ri [&hellip;]<\/p>\n","protected":false},"author":1,"featured_media":2283,"comment_status":"open","ping_status":"open","sticky":false,"template":"","format":"standard","meta":{"footnotes":""},"categories":[30],"tags":[],"class_list":["post-2284","post","type-post","status-publish","format-standard","has-post-thumbnail","hentry","category-noutati"],"yoast_head":"<!-- This site is optimized with the Yoast SEO plugin v19.1 - https:\/\/yoast.com\/wordpress\/plugins\/seo\/ -->\n<title>Expozi\u0163ia Interna\u0163ional\u0103 Specializat\u0103 de ma\u015fini, echipamente \u015fi tehnologii destinate complexului agroindustrial \u201eIUGAGRO\u201d - \u0413\u041f \u0418\u0421\u0425\u0422 \u201d\u041c\u0415\u041a\u0410\u0413\u0420\u041e\u201d<\/title>\n<meta name=\"robots\" content=\"index, follow, max-snippet:-1, max-image-preview:large, max-video-preview:-1\" \/>\n<link rel=\"canonical\" href=\"https:\/\/mecagro.md\/ru\/expozitia-internationala-specializata-de-masini-echipamente-si-tehnologii-destinate-complexului-agroindustrial-iugagro\/\" \/>\n<meta property=\"og:locale\" content=\"en_US\" \/>\n<meta property=\"og:type\" content=\"article\" \/>\n<meta property=\"og:title\" content=\"Expozi\u0163ia Interna\u0163ional\u0103 Specializat\u0103 de ma\u015fini, echipamente \u015fi tehnologii destinate complexului agroindustrial \u201eIUGAGRO\u201d - \u0413\u041f \u0418\u0421\u0425\u0422 \u201d\u041c\u0415\u041a\u0410\u0413\u0420\u041e\u201d\" \/>\n<meta property=\"og:description\" content=\"\u00a0\u00cen perioada 24-28 noiembrie 2014 Institutul de Tehnic\u0103 Agricol\u0103 \u201eMecagro&#8221; a participat la Expozi\u0163ia Interna\u0163ional\u0103 Specializat\u0103 de ma\u015fini, echipamente \u015fi tehnologii destinate complexului agroindustrial \u201eIUGAGRO&#8221;, care a avut loc \u00een ora\u015ful Krasnodar, cea mai mare expozi\u0163ie regional\u0103 din Federa\u0163ia Rus\u0103. La expozi\u0163ie au participat peste 600 companii din 30 regiuni ale Federa\u0163iei Ruse, 31 \u021b\u0103ri [&hellip;]\" \/>\n<meta property=\"og:url\" content=\"https:\/\/mecagro.md\/ru\/expozitia-internationala-specializata-de-masini-echipamente-si-tehnologii-destinate-complexului-agroindustrial-iugagro\/\" \/>\n<meta property=\"og:site_name\" content=\"\u0413\u041f \u0418\u0421\u0425\u0422 \u201d\u041c\u0415\u041a\u0410\u0413\u0420\u041e\u201d\" \/>\n<meta property=\"article:published_time\" content=\"2022-06-18T07:33:24+00:00\" \/>\n<meta property=\"article:modified_time\" content=\"2022-06-18T07:35:45+00:00\" \/>\n<meta property=\"og:image\" content=\"https:\/\/mecagro.md\/ru\/wp-content\/uploads\/2022\/04\/iugagro2014.jpg\" \/>\n\t<meta property=\"og:image:width\" content=\"600\" \/>\n\t<meta property=\"og:image:height\" content=\"850\" \/>\n\t<meta property=\"og:image:type\" content=\"image\/jpeg\" \/>\n<meta name=\"twitter:card\" content=\"summary_large_image\" \/>\n<meta name=\"twitter:label1\" content=\"Written by\" \/>\n\t<meta name=\"twitter:data1\" content=\"ammd_administrator\" \/>\n\t<meta name=\"twitter:label2\" content=\"Est. reading time\" \/>\n\t<meta name=\"twitter:data2\" content=\"2 minutes\" \/>\n<script type=\"application\/ld+json\" class=\"yoast-schema-graph\">{\"@context\":\"https:\/\/schema.org\",\"@graph\":[{\"@type\":\"WebSite\",\"@id\":\"https:\/\/mecagro.md\/ru\/#website\",\"url\":\"https:\/\/mecagro.md\/ru\/\",\"name\":\"\u0413\u041f \u0418\u0421\u0425\u0422 \u201d\u041c\u0415\u041a\u0410\u0413\u0420\u041e\u201d\",\"description\":\"\",\"potentialAction\":[{\"@type\":\"SearchAction\",\"target\":{\"@type\":\"EntryPoint\",\"urlTemplate\":\"https:\/\/mecagro.md\/ru\/?s={search_term_string}\"},\"query-input\":\"required name=search_term_string\"}],\"inLanguage\":\"en-US\"},{\"@type\":\"ImageObject\",\"inLanguage\":\"en-US\",\"@id\":\"https:\/\/mecagro.md\/ru\/expozitia-internationala-specializata-de-masini-echipamente-si-tehnologii-destinate-complexului-agroindustrial-iugagro\/#primaryimage\",\"url\":\"https:\/\/mecagro.md\/ru\/wp-content\/uploads\/2022\/04\/iugagro2014.jpg\",\"contentUrl\":\"https:\/\/mecagro.md\/ru\/wp-content\/uploads\/2022\/04\/iugagro2014.jpg\",\"width\":600,\"height\":850},{\"@type\":\"WebPage\",\"@id\":\"https:\/\/mecagro.md\/ru\/expozitia-internationala-specializata-de-masini-echipamente-si-tehnologii-destinate-complexului-agroindustrial-iugagro\/#webpage\",\"url\":\"https:\/\/mecagro.md\/ru\/expozitia-internationala-specializata-de-masini-echipamente-si-tehnologii-destinate-complexului-agroindustrial-iugagro\/\",\"name\":\"Expozi\u0163ia Interna\u0163ional\u0103 Specializat\u0103 de ma\u015fini, echipamente \u015fi tehnologii destinate complexului agroindustrial \u201eIUGAGRO\u201d - \u0413\u041f \u0418\u0421\u0425\u0422 \u201d\u041c\u0415\u041a\u0410\u0413\u0420\u041e\u201d\",\"isPartOf\":{\"@id\":\"https:\/\/mecagro.md\/ru\/#website\"},\"primaryImageOfPage\":{\"@id\":\"https:\/\/mecagro.md\/ru\/expozitia-internationala-specializata-de-masini-echipamente-si-tehnologii-destinate-complexului-agroindustrial-iugagro\/#primaryimage\"},\"datePublished\":\"2022-06-18T07:33:24+00:00\",\"dateModified\":\"2022-06-18T07:35:45+00:00\",\"author\":{\"@id\":\"https:\/\/mecagro.md\/ru\/#\/schema\/person\/9cb9af40902cb2369af43c8578afdc6f\"},\"breadcrumb\":{\"@id\":\"https:\/\/mecagro.md\/ru\/expozitia-internationala-specializata-de-masini-echipamente-si-tehnologii-destinate-complexului-agroindustrial-iugagro\/#breadcrumb\"},\"inLanguage\":\"en-US\",\"potentialAction\":[{\"@type\":\"ReadAction\",\"target\":[\"https:\/\/mecagro.md\/ru\/expozitia-internationala-specializata-de-masini-echipamente-si-tehnologii-destinate-complexului-agroindustrial-iugagro\/\"]}]},{\"@type\":\"BreadcrumbList\",\"@id\":\"https:\/\/mecagro.md\/ru\/expozitia-internationala-specializata-de-masini-echipamente-si-tehnologii-destinate-complexului-agroindustrial-iugagro\/#breadcrumb\",\"itemListElement\":[{\"@type\":\"ListItem\",\"position\":1,\"name\":\"Home\",\"item\":\"https:\/\/mecagro.md\/ru\/\"},{\"@type\":\"ListItem\",\"position\":2,\"name\":\"Expozi\u0163ia Interna\u0163ional\u0103 Specializat\u0103 de ma\u015fini, echipamente \u015fi tehnologii destinate complexului agroindustrial \u201eIUGAGRO\u201d\"}]},{\"@type\":\"Person\",\"@id\":\"https:\/\/mecagro.md\/ru\/#\/schema\/person\/9cb9af40902cb2369af43c8578afdc6f\",\"name\":\"ammd_administrator\",\"image\":{\"@type\":\"ImageObject\",\"inLanguage\":\"en-US\",\"@id\":\"https:\/\/mecagro.md\/ru\/#\/schema\/person\/image\/\",\"url\":\"https:\/\/secure.gravatar.com\/avatar\/1fc9bed0ce2591b297516091bda51da9100e0717c05e04962a3bb5618e20c8be?s=96&d=mm&r=g\",\"contentUrl\":\"https:\/\/secure.gravatar.com\/avatar\/1fc9bed0ce2591b297516091bda51da9100e0717c05e04962a3bb5618e20c8be?s=96&d=mm&r=g\",\"caption\":\"ammd_administrator\"},\"sameAs\":[\"https:\/\/mecagro.md\"],\"url\":\"https:\/\/mecagro.md\/ru\/author\/ammd_administrator\/\"}]}<\/script>\n<!-- \/ Yoast SEO plugin. -->","yoast_head_json":{"title":"Expozi\u0163ia Interna\u0163ional\u0103 Specializat\u0103 de ma\u015fini, echipamente \u015fi tehnologii destinate complexului agroindustrial \u201eIUGAGRO\u201d - \u0413\u041f \u0418\u0421\u0425\u0422 \u201d\u041c\u0415\u041a\u0410\u0413\u0420\u041e\u201d","robots":{"index":"index","follow":"follow","max-snippet":"max-snippet:-1","max-image-preview":"max-image-preview:large","max-video-preview":"max-video-preview:-1"},"canonical":"https:\/\/mecagro.md\/ru\/expozitia-internationala-specializata-de-masini-echipamente-si-tehnologii-destinate-complexului-agroindustrial-iugagro\/","og_locale":"en_US","og_type":"article","og_title":"Expozi\u0163ia Interna\u0163ional\u0103 Specializat\u0103 de ma\u015fini, echipamente \u015fi tehnologii destinate complexului agroindustrial \u201eIUGAGRO\u201d - \u0413\u041f \u0418\u0421\u0425\u0422 \u201d\u041c\u0415\u041a\u0410\u0413\u0420\u041e\u201d","og_description":"\u00a0\u00cen perioada 24-28 noiembrie 2014 Institutul de Tehnic\u0103 Agricol\u0103 \u201eMecagro&#8221; a participat la Expozi\u0163ia Interna\u0163ional\u0103 Specializat\u0103 de ma\u015fini, echipamente \u015fi tehnologii destinate complexului agroindustrial \u201eIUGAGRO&#8221;, care a avut loc \u00een ora\u015ful Krasnodar, cea mai mare expozi\u0163ie regional\u0103 din Federa\u0163ia Rus\u0103. La expozi\u0163ie au participat peste 600 companii din 30 regiuni ale Federa\u0163iei Ruse, 31 \u021b\u0103ri [&hellip;]","og_url":"https:\/\/mecagro.md\/ru\/expozitia-internationala-specializata-de-masini-echipamente-si-tehnologii-destinate-complexului-agroindustrial-iugagro\/","og_site_name":"\u0413\u041f \u0418\u0421\u0425\u0422 \u201d\u041c\u0415\u041a\u0410\u0413\u0420\u041e\u201d","article_published_time":"2022-06-18T07:33:24+00:00","article_modified_time":"2022-06-18T07:35:45+00:00","og_image":[{"width":600,"height":850,"url":"https:\/\/mecagro.md\/ru\/wp-content\/uploads\/2022\/04\/iugagro2014.jpg","type":"image\/jpeg"}],"twitter_card":"summary_large_image","twitter_misc":{"Written by":"ammd_administrator","Est. reading time":"2 minutes"},"schema":{"@context":"https:\/\/schema.org","@graph":[{"@type":"WebSite","@id":"https:\/\/mecagro.md\/ru\/#website","url":"https:\/\/mecagro.md\/ru\/","name":"\u0413\u041f \u0418\u0421\u0425\u0422 \u201d\u041c\u0415\u041a\u0410\u0413\u0420\u041e\u201d","description":"","potentialAction":[{"@type":"SearchAction","target":{"@type":"EntryPoint","urlTemplate":"https:\/\/mecagro.md\/ru\/?s={search_term_string}"},"query-input":"required name=search_term_string"}],"inLanguage":"en-US"},{"@type":"ImageObject","inLanguage":"en-US","@id":"https:\/\/mecagro.md\/ru\/expozitia-internationala-specializata-de-masini-echipamente-si-tehnologii-destinate-complexului-agroindustrial-iugagro\/#primaryimage","url":"https:\/\/mecagro.md\/ru\/wp-content\/uploads\/2022\/04\/iugagro2014.jpg","contentUrl":"https:\/\/mecagro.md\/ru\/wp-content\/uploads\/2022\/04\/iugagro2014.jpg","width":600,"height":850},{"@type":"WebPage","@id":"https:\/\/mecagro.md\/ru\/expozitia-internationala-specializata-de-masini-echipamente-si-tehnologii-destinate-complexului-agroindustrial-iugagro\/#webpage","url":"https:\/\/mecagro.md\/ru\/expozitia-internationala-specializata-de-masini-echipamente-si-tehnologii-destinate-complexului-agroindustrial-iugagro\/","name":"Expozi\u0163ia Interna\u0163ional\u0103 Specializat\u0103 de ma\u015fini, echipamente \u015fi tehnologii destinate complexului agroindustrial \u201eIUGAGRO\u201d - \u0413\u041f \u0418\u0421\u0425\u0422 \u201d\u041c\u0415\u041a\u0410\u0413\u0420\u041e\u201d","isPartOf":{"@id":"https:\/\/mecagro.md\/ru\/#website"},"primaryImageOfPage":{"@id":"https:\/\/mecagro.md\/ru\/expozitia-internationala-specializata-de-masini-echipamente-si-tehnologii-destinate-complexului-agroindustrial-iugagro\/#primaryimage"},"datePublished":"2022-06-18T07:33:24+00:00","dateModified":"2022-06-18T07:35:45+00:00","author":{"@id":"https:\/\/mecagro.md\/ru\/#\/schema\/person\/9cb9af40902cb2369af43c8578afdc6f"},"breadcrumb":{"@id":"https:\/\/mecagro.md\/ru\/expozitia-internationala-specializata-de-masini-echipamente-si-tehnologii-destinate-complexului-agroindustrial-iugagro\/#breadcrumb"},"inLanguage":"en-US","potentialAction":[{"@type":"ReadAction","target":["https:\/\/mecagro.md\/ru\/expozitia-internationala-specializata-de-masini-echipamente-si-tehnologii-destinate-complexului-agroindustrial-iugagro\/"]}]},{"@type":"BreadcrumbList","@id":"https:\/\/mecagro.md\/ru\/expozitia-internationala-specializata-de-masini-echipamente-si-tehnologii-destinate-complexului-agroindustrial-iugagro\/#breadcrumb","itemListElement":[{"@type":"ListItem","position":1,"name":"Home","item":"https:\/\/mecagro.md\/ru\/"},{"@type":"ListItem","position":2,"name":"Expozi\u0163ia Interna\u0163ional\u0103 Specializat\u0103 de ma\u015fini, echipamente \u015fi tehnologii destinate complexului agroindustrial \u201eIUGAGRO\u201d"}]},{"@type":"Person","@id":"https:\/\/mecagro.md\/ru\/#\/schema\/person\/9cb9af40902cb2369af43c8578afdc6f","name":"ammd_administrator","image":{"@type":"ImageObject","inLanguage":"en-US","@id":"https:\/\/mecagro.md\/ru\/#\/schema\/person\/image\/","url":"https:\/\/secure.gravatar.com\/avatar\/1fc9bed0ce2591b297516091bda51da9100e0717c05e04962a3bb5618e20c8be?s=96&d=mm&r=g","contentUrl":"https:\/\/secure.gravatar.com\/avatar\/1fc9bed0ce2591b297516091bda51da9100e0717c05e04962a3bb5618e20c8be?s=96&d=mm&r=g","caption":"ammd_administrator"},"sameAs":["https:\/\/mecagro.md"],"url":"https:\/\/mecagro.md\/ru\/author\/ammd_administrator\/"}]}},"_links":{"self":[{"href":"https:\/\/mecagro.md\/ru\/wp-json\/wp\/v2\/posts\/2284","targetHints":{"allow":["GET"]}}],"collection":[{"href":"https:\/\/mecagro.md\/ru\/wp-json\/wp\/v2\/posts"}],"about":[{"href":"https:\/\/mecagro.md\/ru\/wp-json\/wp\/v2\/types\/post"}],"author":[{"embeddable":true,"href":"https:\/\/mecagro.md\/ru\/wp-json\/wp\/v2\/users\/1"}],"replies":[{"embeddable":true,"href":"https:\/\/mecagro.md\/ru\/wp-json\/wp\/v2\/comments?post=2284"}],"version-history":[{"count":1,"href":"https:\/\/mecagro.md\/ru\/wp-json\/wp\/v2\/posts\/2284\/revisions"}],"predecessor-version":[{"id":2285,"href":"https:\/\/mecagro.md\/ru\/wp-json\/wp\/v2\/posts\/2284\/revisions\/2285"}],"wp:featuredmedia":[{"embeddable":true,"href":"https:\/\/mecagro.md\/ru\/wp-json\/wp\/v2\/media\/2283"}],"wp:attachment":[{"href":"https:\/\/mecagro.md\/ru\/wp-json\/wp\/v2\/media?parent=2284"}],"wp:term":[{"taxonomy":"category","embeddable":true,"href":"https:\/\/mecagro.md\/ru\/wp-json\/wp\/v2\/categories?post=2284"},{"taxonomy":"post_tag","embeddable":true,"href":"https:\/\/mecagro.md\/ru\/wp-json\/wp\/v2\/tags?post=2284"}],"curies":[{"name":"wp","href":"https:\/\/api.w.org\/{rel}","templated":true}]}}