{"id":2378,"date":"2022-06-18T14:22:53","date_gmt":"2022-06-18T14:22:53","guid":{"rendered":"https:\/\/mecagro.md\/?p=2378"},"modified":"2022-06-18T14:22:54","modified_gmt":"2022-06-18T14:22:54","slug":"expozitia-internationala-specializata-de-masini-echipamente-si-tehnologii-destinate-complexului-agroindustrial-moldagroteh-2016-editia-de-primavara","status":"publish","type":"post","link":"https:\/\/mecagro.md\/ru\/expozitia-internationala-specializata-de-masini-echipamente-si-tehnologii-destinate-complexului-agroindustrial-moldagroteh-2016-editia-de-primavara\/","title":{"rendered":"Expozi\u0163ia Interna\u0163ional\u0103 Specializat\u0103 de ma\u015fini, echipamente si tehnologii destinate complexului agroindustrial \u201cMoldagroteh\u201d, 2016, edi\u021bia de prim\u0103var\u0103"},"content":{"rendered":"\n<p>&nbsp;\u00cen&nbsp; perioada&nbsp;&nbsp; 2-5&nbsp; martie&nbsp;&nbsp; 2016&nbsp;&nbsp; Institutul&nbsp; de&nbsp; Tehnic\u0103&nbsp; Agricol\u0103 &nbsp;\u201cMecagro\u201d&nbsp; a participat&nbsp; la Expozi\u0163ia&nbsp; Interna\u0163ional\u0103&nbsp; Specializat\u0103&nbsp; de&nbsp; ma\u015fini, echipamente&nbsp; si&nbsp; tehnologii&nbsp; destinate&nbsp; complexului&nbsp; agroindustrial&nbsp; \u201cMoldagroteh\u201d, edi\u0163ia&nbsp; de prim\u0103var\u0103.<\/p>\n\n\n\n<p>&nbsp;&nbsp;&nbsp;&nbsp;&nbsp;&nbsp;&nbsp; La&nbsp; aceast\u0103&nbsp; expozi\u0163ie&nbsp; prestigioas\u0103 au fost&nbsp; prezentate&nbsp; cele&nbsp; mai&nbsp; noi&nbsp; elaborari:&nbsp; ma\u015fini&nbsp; pentru protec\u0163ia&nbsp;&nbsp; plantelor (ma\u015fini&nbsp; de&nbsp; stropit, dispozitive&nbsp; pentu&nbsp; introducerea&nbsp; erbicidelor&nbsp; \u00een&nbsp; vii,&nbsp; livezi, culturi&nbsp; de c\u00e2mp si&nbsp; legumicole, s\u0103p\u0103tor de gropi), presa&nbsp; pentru&nbsp; producerea&nbsp; biocombustibililor&nbsp; solizi (peletelor, brichetelor)&nbsp; \u015fi&nbsp; alte utilage&nbsp; necesare&nbsp; pentru&nbsp; mecanizarea&nbsp; proceselor&nbsp; tehnologice&nbsp; din&nbsp; sectorul&nbsp; agrar.<\/p>\n\n\n<div class=\"wp-block-image\">\n<figure class=\"aligncenter size-full\"><img loading=\"lazy\" decoding=\"async\" width=\"600\" height=\"450\" src=\"https:\/\/mecagro.md\/wp-content\/uploads\/2022\/04\/SDC19951.jpg\" alt=\"\" class=\"wp-image-2373\" srcset=\"https:\/\/mecagro.md\/ru\/wp-content\/uploads\/2022\/04\/SDC19951.jpg 600w, https:\/\/mecagro.md\/ru\/wp-content\/uploads\/2022\/04\/SDC19951-300x225.jpg 300w\" sizes=\"auto, (max-width: 600px) 100vw, 600px\" \/><\/figure>\n<\/div>\n\n\n<p>\u00a0\u00a0 De\u00a0 o\u00a0 mare popularitate\u00a0 \u00eentre\u00a0 vizitatori\u00a0 s-a \u00a0bucurat\u00a0 Ma\u015fina de\u00a0 stropit\u00a0 tractat\u0103\u00a0 cu ramp\u0103 de\u00a0 tip\u00a0<strong>STR-24<\/strong>&#8211;<strong>3000P \u015fi\u00a0 STR-21-2000P<\/strong>\u00a0cu\u00a0 la\u0163imea\u00a0\u00a0 de\u00a0 lucru\u00a0 24\u00a0 si\u00a0 21 metri\u00a0 pentru\u00a0 tratarea\u00a0 culturilor\u00a0 de\u00a0 c\u0103mp\u00a0 si\u00a0 legumicole,\u00a0 care este mai performant\u0103\u00a0 comparativ cu modelele \u00a0\u00a0anterioare.\u00a0 Este\u00a0 echipat\u0103\u00a0 cu\u00a0 rezevor\u00a0 din\u00a0 poliester\u00a0 cu volumul de 3000l \u015fi 2000l, \u00een care\u00a0 sunt\u00a0 incadrate\u00a0 rezervoarele\u00a0 de\u00a0 spalare\u00a0 si igienic,\u00a0 dispozitiv\u00a0 performant\u00a0\u00a0 de\u00a0 stabilizare a\u00a0\u00a0\u00a0 rampei,\u00a0\u00a0\u00a0 sistem\u00a0 electronic\u00a0 \u015fi\u00a0 alte\u00a0 accesorii, \u00a0\u00a0\u00a0\u00a0care\u00a0 o fac\u00a0\u00a0\u00a0 s\u0103\u00a0 corespund\u0103\u00a0\u00a0 cerin\u0163elor\u00a0 actuale\u00a0 din\u00a0 agricultura modern\u0103.<\/p>\n\n\n<div class=\"wp-block-image\">\n<figure class=\"aligncenter size-full\"><img loading=\"lazy\" decoding=\"async\" width=\"600\" height=\"450\" src=\"https:\/\/mecagro.md\/wp-content\/uploads\/2022\/04\/str-24-3000s-1.jpg\" alt=\"\" class=\"wp-image-2374\" srcset=\"https:\/\/mecagro.md\/ru\/wp-content\/uploads\/2022\/04\/str-24-3000s-1.jpg 600w, https:\/\/mecagro.md\/ru\/wp-content\/uploads\/2022\/04\/str-24-3000s-1-300x225.jpg 300w\" sizes=\"auto, (max-width: 600px) 100vw, 600px\" \/><\/figure>\n<\/div>\n\n\n<p>\u00a0 Alt\u00a0 exponat &#8211; ma\u015fina\u00a0 de\u00a0 stropit\u00a0\u00a0 tractat\u0103\u00a0 pentru\u00a0\u00a0 protec\u0163ia\u00a0 plantelor \u00een\u00a0 livezi\u00a0 si\u00a0\u00a0 vii\u00a0 de\u00a0 tip\u00a0\u00a0<strong>SLV-2000CR<\/strong>\u00a0\u201c<strong>BOREAS\u201d<\/strong>\u00a0cu\u00a0 captare\u00a0 frontal\u0103\u00a0 a aerului,\u00a0 care\u00a0 exclude\u00a0 p\u0103trunderea\u00a0\u00a0 repetat\u0103\u00a0 a\u00a0 picaturilor\u00a0 de\u00a0 lichid\u00a0 \u00een\u00a0 ansamblul\u00a0 de ventilare-pulverizare,\u00a0 dispozitiv\u00a0 de\u00a0 redresare\u00a0 a\u00a0 aerului\u00a0 ce\u00a0 reduce\u00a0 gradul\u00a0 de\u00a0 turbulen\u0163\u0103\u00a0 a\u00a0 fluxului\u00a0 de\u00a0 aer,\u00a0 garant\u00e2nd\u00a0 distribuirea\u00a0 mai\u00a0 uniforma\u00a0\u00a0 a\u00a0 pic\u0103lturilor\u00a0 de\u00a0 lichid\u00a0 pe\u00a0 suprafa\u0163\u0103\u00a0 prelucrat\u0103,\u00a0 inaltimea\u00a0 de\u00a0 tratare\u00a0 p\u00e2na\u00a0 la\u00a0 7,5 m \u00a0\u015fi intervalul\u00a0 dintre r\u0103nduri p\u0103n\u0103 la 6 m.<\/p>\n\n\n\n<figure class=\"wp-block-image size-large\"><img loading=\"lazy\" decoding=\"async\" width=\"1024\" height=\"744\" src=\"https:\/\/mecagro.md\/wp-content\/uploads\/2022\/04\/full_SLV_2000_CR-1024x744.jpg\" alt=\"\" class=\"wp-image-2375\" srcset=\"https:\/\/mecagro.md\/ru\/wp-content\/uploads\/2022\/04\/full_SLV_2000_CR-1024x744.jpg 1024w, https:\/\/mecagro.md\/ru\/wp-content\/uploads\/2022\/04\/full_SLV_2000_CR-300x218.jpg 300w, https:\/\/mecagro.md\/ru\/wp-content\/uploads\/2022\/04\/full_SLV_2000_CR-768x558.jpg 768w, https:\/\/mecagro.md\/ru\/wp-content\/uploads\/2022\/04\/full_SLV_2000_CR-600x436.jpg 600w, https:\/\/mecagro.md\/ru\/wp-content\/uploads\/2022\/04\/full_SLV_2000_CR.jpg 1200w\" sizes=\"auto, (max-width: 1024px) 100vw, 1024px\" \/><\/figure>\n\n\n\n<p>Pentru\u00a0\u00a0 administarea\u00a0 erbicidelor\u00a0 in\u00a0 vii, livezi\u00a0 si\u00a0 culturile\u00a0 de\u00a0 c\u0103mp\u00a0 este\u00a0 destinat\u0103\u00a0 ma\u015fina de\u00a0 administrare\u00a0 a erbicidelor\u00a0\u00a0<strong>MAE -500<\/strong>\u00a0 cu rezervor din\u00a0 poliester,\u00a0\u00a0\u00a0 capacitatea rezervorului\u00a0 de 500 l. Este o\u00a0 masin\u0103\u00a0 purtat\u0103,\u00a0 universal\u0103,\u00a0 la\u00a0 care pot fi asamblate\u00a0\u00a0\u00a0 deverse\u00a0 dispositive\u00a0 de erbicidare,\u00a0 cu\u00a0 l\u0103\u0163imea\u00a0 de\u00a0 lucru\u00a0 intre\u00a0 r\u00e2nduri\u00a0 \u00een\u00a0 vii 2,5-4,0 m , livezi\u00a0 4,0-6,0 m, planta\u0163ii\u00a0 de nuci\u00a0 p\u00e2na\u00a0 la 10 m\u00a0 \u015fi\u00a0 culturile\u00a0\u00a0 de c\u00e2mp p\u00e2na\u00a0 la 12 m, dotat\u0103\u00a0 cu\u00a0 sistem\u00a0 hidraulic,\u00a0\u00a0 scimbarea\u00a0\u00a0\u00a0 dispozitiului\u00a0 de lucru \u015fi\u00a0 la un\u00a0\u00a0 pre\u0163\u00a0 redus\u00a0 comparativ cu cele\u00a0 precedente.<\/p>\n\n\n<div class=\"wp-block-image\">\n<figure class=\"aligncenter size-full\"><img loading=\"lazy\" decoding=\"async\" width=\"1000\" height=\"892\" src=\"https:\/\/mecagro.md\/wp-content\/uploads\/2022\/04\/mae500.jpg\" alt=\"\" class=\"wp-image-2376\" srcset=\"https:\/\/mecagro.md\/ru\/wp-content\/uploads\/2022\/04\/mae500.jpg 1000w, https:\/\/mecagro.md\/ru\/wp-content\/uploads\/2022\/04\/mae500-300x268.jpg 300w, https:\/\/mecagro.md\/ru\/wp-content\/uploads\/2022\/04\/mae500-768x685.jpg 768w, https:\/\/mecagro.md\/ru\/wp-content\/uploads\/2022\/04\/mae500-252x225.jpg 252w, https:\/\/mecagro.md\/ru\/wp-content\/uploads\/2022\/04\/mae500-600x535.jpg 600w\" sizes=\"auto, (max-width: 1000px) 100vw, 1000px\" \/><\/figure>\n<\/div>\n\n\n<p>\u00a0\u00a0 Pentru\u00a0 pro\u0163ec\u0163ia pomilor\u00a0 cu tulpini\u00a0 viguroase, inclusiv\u00a0 nuci,\u00a0 de un\u00a0 isucces\u00a0\u00a0 deosibit\u00a0 s-a bucurat ma\u015fina\u00a0 de\u00a0 stropit\u00a0\u00a0 tractat\u0103 de\u00a0 tip\u00a0\u00a0<strong>SNU-2000 D2<\/strong>\u00a0cu dou\u0103 \u00a0ventilatoare, ce\u00a0 asigur\u0103\u00a0 inaltimea\u00a0 de\u00a0 tratare\u00a0 de\u00a0 p\u00eena\u00a0 la 10 m, o calitate\u00a0 inalt\u0103 de\u00a0 pulverizare\u00a0 a\u00a0 lichidului\u00a0 chimic\u00a0 \u015fi\u00a0 pre\u0163\u00a0 mai redus\u00a0 in\u00a0 compara\u0163ie\u00a0 cu\u00a0 alte\u00a0 stropitori.\u00a0<\/p>\n\n\n\n<figure class=\"wp-block-image size-full\"><img loading=\"lazy\" decoding=\"async\" width=\"900\" height=\"774\" src=\"https:\/\/mecagro.md\/wp-content\/uploads\/2022\/04\/full_snu-2000-d2.jpg\" alt=\"\" class=\"wp-image-2377\" srcset=\"https:\/\/mecagro.md\/ru\/wp-content\/uploads\/2022\/04\/full_snu-2000-d2.jpg 900w, https:\/\/mecagro.md\/ru\/wp-content\/uploads\/2022\/04\/full_snu-2000-d2-300x258.jpg 300w, https:\/\/mecagro.md\/ru\/wp-content\/uploads\/2022\/04\/full_snu-2000-d2-768x660.jpg 768w, https:\/\/mecagro.md\/ru\/wp-content\/uploads\/2022\/04\/full_snu-2000-d2-262x225.jpg 262w, https:\/\/mecagro.md\/ru\/wp-content\/uploads\/2022\/04\/full_snu-2000-d2-600x516.jpg 600w\" sizes=\"auto, (max-width: 900px) 100vw, 900px\" \/><\/figure>\n","protected":false},"excerpt":{"rendered":"<p>&nbsp;\u00cen&nbsp; perioada&nbsp;&nbsp; 2-5&nbsp; martie&nbsp;&nbsp; 2016&nbsp;&nbsp; Institutul&nbsp; de&nbsp; Tehnic\u0103&nbsp; Agricol\u0103 &nbsp;\u201cMecagro\u201d&nbsp; a participat&nbsp; la Expozi\u0163ia&nbsp; Interna\u0163ional\u0103&nbsp; Specializat\u0103&nbsp; de&nbsp; ma\u015fini, echipamente&nbsp; si&nbsp; tehnologii&nbsp; destinate&nbsp; complexului&nbsp; agroindustrial&nbsp; \u201cMoldagroteh\u201d, edi\u0163ia&nbsp; de prim\u0103var\u0103. &nbsp;&nbsp;&nbsp;&nbsp;&nbsp;&nbsp;&nbsp; La&nbsp; aceast\u0103&nbsp; expozi\u0163ie&nbsp; prestigioas\u0103 au fost&nbsp; prezentate&nbsp; cele&nbsp; mai&nbsp; noi&nbsp; elaborari:&nbsp; ma\u015fini&nbsp; pentru protec\u0163ia&nbsp;&nbsp; plantelor (ma\u015fini&nbsp; de&nbsp; stropit, dispozitive&nbsp; pentu&nbsp; introducerea&nbsp; erbicidelor&nbsp; \u00een&nbsp; vii,&nbsp; livezi, culturi&nbsp; [&hellip;]<\/p>\n","protected":false},"author":1,"featured_media":2374,"comment_status":"open","ping_status":"open","sticky":false,"template":"","format":"standard","meta":{"footnotes":""},"categories":[30],"tags":[],"class_list":["post-2378","post","type-post","status-publish","format-standard","has-post-thumbnail","hentry","category-noutati"],"yoast_head":"<!-- This site is optimized with the Yoast SEO plugin v19.1 - https:\/\/yoast.com\/wordpress\/plugins\/seo\/ -->\n<title>Expozi\u0163ia Interna\u0163ional\u0103 Specializat\u0103 de ma\u015fini, echipamente si tehnologii destinate complexului agroindustrial \u201cMoldagroteh\u201d, 2016, edi\u021bia de prim\u0103var\u0103 - \u0413\u041f \u0418\u0421\u0425\u0422 \u201d\u041c\u0415\u041a\u0410\u0413\u0420\u041e\u201d<\/title>\n<meta name=\"robots\" content=\"index, follow, max-snippet:-1, max-image-preview:large, max-video-preview:-1\" \/>\n<link rel=\"canonical\" href=\"https:\/\/mecagro.md\/ru\/expozitia-internationala-specializata-de-masini-echipamente-si-tehnologii-destinate-complexului-agroindustrial-moldagroteh-2016-editia-de-primavara\/\" \/>\n<meta property=\"og:locale\" content=\"en_US\" \/>\n<meta property=\"og:type\" content=\"article\" \/>\n<meta property=\"og:title\" content=\"Expozi\u0163ia Interna\u0163ional\u0103 Specializat\u0103 de ma\u015fini, echipamente si tehnologii destinate complexului agroindustrial \u201cMoldagroteh\u201d, 2016, edi\u021bia de prim\u0103var\u0103 - \u0413\u041f \u0418\u0421\u0425\u0422 \u201d\u041c\u0415\u041a\u0410\u0413\u0420\u041e\u201d\" \/>\n<meta property=\"og:description\" content=\"&nbsp;\u00cen&nbsp; perioada&nbsp;&nbsp; 2-5&nbsp; martie&nbsp;&nbsp; 2016&nbsp;&nbsp; Institutul&nbsp; de&nbsp; Tehnic\u0103&nbsp; Agricol\u0103 &nbsp;\u201cMecagro\u201d&nbsp; a participat&nbsp; la Expozi\u0163ia&nbsp; Interna\u0163ional\u0103&nbsp; Specializat\u0103&nbsp; de&nbsp; ma\u015fini, echipamente&nbsp; si&nbsp; tehnologii&nbsp; destinate&nbsp; complexului&nbsp; agroindustrial&nbsp; \u201cMoldagroteh\u201d, edi\u0163ia&nbsp; de prim\u0103var\u0103. &nbsp;&nbsp;&nbsp;&nbsp;&nbsp;&nbsp;&nbsp; La&nbsp; aceast\u0103&nbsp; expozi\u0163ie&nbsp; prestigioas\u0103 au fost&nbsp; prezentate&nbsp; cele&nbsp; mai&nbsp; noi&nbsp; elaborari:&nbsp; ma\u015fini&nbsp; pentru protec\u0163ia&nbsp;&nbsp; plantelor (ma\u015fini&nbsp; de&nbsp; stropit, dispozitive&nbsp; pentu&nbsp; introducerea&nbsp; erbicidelor&nbsp; \u00een&nbsp; vii,&nbsp; livezi, culturi&nbsp; [&hellip;]\" \/>\n<meta property=\"og:url\" content=\"https:\/\/mecagro.md\/ru\/expozitia-internationala-specializata-de-masini-echipamente-si-tehnologii-destinate-complexului-agroindustrial-moldagroteh-2016-editia-de-primavara\/\" \/>\n<meta property=\"og:site_name\" content=\"\u0413\u041f \u0418\u0421\u0425\u0422 \u201d\u041c\u0415\u041a\u0410\u0413\u0420\u041e\u201d\" \/>\n<meta property=\"article:published_time\" content=\"2022-06-18T14:22:53+00:00\" \/>\n<meta property=\"article:modified_time\" content=\"2022-06-18T14:22:54+00:00\" \/>\n<meta property=\"og:image\" content=\"https:\/\/mecagro.md\/ru\/wp-content\/uploads\/2022\/04\/str-24-3000s-1.jpg\" \/>\n\t<meta property=\"og:image:width\" content=\"600\" \/>\n\t<meta property=\"og:image:height\" content=\"450\" \/>\n\t<meta property=\"og:image:type\" content=\"image\/jpeg\" \/>\n<meta name=\"twitter:card\" content=\"summary_large_image\" \/>\n<meta name=\"twitter:label1\" content=\"Written by\" \/>\n\t<meta name=\"twitter:data1\" content=\"ammd_administrator\" \/>\n\t<meta name=\"twitter:label2\" content=\"Est. reading time\" \/>\n\t<meta name=\"twitter:data2\" content=\"3 minutes\" \/>\n<script type=\"application\/ld+json\" class=\"yoast-schema-graph\">{\"@context\":\"https:\/\/schema.org\",\"@graph\":[{\"@type\":\"WebSite\",\"@id\":\"https:\/\/mecagro.md\/ru\/#website\",\"url\":\"https:\/\/mecagro.md\/ru\/\",\"name\":\"\u0413\u041f \u0418\u0421\u0425\u0422 \u201d\u041c\u0415\u041a\u0410\u0413\u0420\u041e\u201d\",\"description\":\"\",\"potentialAction\":[{\"@type\":\"SearchAction\",\"target\":{\"@type\":\"EntryPoint\",\"urlTemplate\":\"https:\/\/mecagro.md\/ru\/?s={search_term_string}\"},\"query-input\":\"required name=search_term_string\"}],\"inLanguage\":\"en-US\"},{\"@type\":\"ImageObject\",\"inLanguage\":\"en-US\",\"@id\":\"https:\/\/mecagro.md\/ru\/expozitia-internationala-specializata-de-masini-echipamente-si-tehnologii-destinate-complexului-agroindustrial-moldagroteh-2016-editia-de-primavara\/#primaryimage\",\"url\":\"https:\/\/mecagro.md\/ru\/wp-content\/uploads\/2022\/04\/str-24-3000s-1.jpg\",\"contentUrl\":\"https:\/\/mecagro.md\/ru\/wp-content\/uploads\/2022\/04\/str-24-3000s-1.jpg\",\"width\":600,\"height\":450},{\"@type\":\"WebPage\",\"@id\":\"https:\/\/mecagro.md\/ru\/expozitia-internationala-specializata-de-masini-echipamente-si-tehnologii-destinate-complexului-agroindustrial-moldagroteh-2016-editia-de-primavara\/#webpage\",\"url\":\"https:\/\/mecagro.md\/ru\/expozitia-internationala-specializata-de-masini-echipamente-si-tehnologii-destinate-complexului-agroindustrial-moldagroteh-2016-editia-de-primavara\/\",\"name\":\"Expozi\u0163ia Interna\u0163ional\u0103 Specializat\u0103 de ma\u015fini, echipamente si tehnologii destinate complexului agroindustrial \u201cMoldagroteh\u201d, 2016, edi\u021bia de prim\u0103var\u0103 - \u0413\u041f \u0418\u0421\u0425\u0422 \u201d\u041c\u0415\u041a\u0410\u0413\u0420\u041e\u201d\",\"isPartOf\":{\"@id\":\"https:\/\/mecagro.md\/ru\/#website\"},\"primaryImageOfPage\":{\"@id\":\"https:\/\/mecagro.md\/ru\/expozitia-internationala-specializata-de-masini-echipamente-si-tehnologii-destinate-complexului-agroindustrial-moldagroteh-2016-editia-de-primavara\/#primaryimage\"},\"datePublished\":\"2022-06-18T14:22:53+00:00\",\"dateModified\":\"2022-06-18T14:22:54+00:00\",\"author\":{\"@id\":\"https:\/\/mecagro.md\/ru\/#\/schema\/person\/9cb9af40902cb2369af43c8578afdc6f\"},\"breadcrumb\":{\"@id\":\"https:\/\/mecagro.md\/ru\/expozitia-internationala-specializata-de-masini-echipamente-si-tehnologii-destinate-complexului-agroindustrial-moldagroteh-2016-editia-de-primavara\/#breadcrumb\"},\"inLanguage\":\"en-US\",\"potentialAction\":[{\"@type\":\"ReadAction\",\"target\":[\"https:\/\/mecagro.md\/ru\/expozitia-internationala-specializata-de-masini-echipamente-si-tehnologii-destinate-complexului-agroindustrial-moldagroteh-2016-editia-de-primavara\/\"]}]},{\"@type\":\"BreadcrumbList\",\"@id\":\"https:\/\/mecagro.md\/ru\/expozitia-internationala-specializata-de-masini-echipamente-si-tehnologii-destinate-complexului-agroindustrial-moldagroteh-2016-editia-de-primavara\/#breadcrumb\",\"itemListElement\":[{\"@type\":\"ListItem\",\"position\":1,\"name\":\"Home\",\"item\":\"https:\/\/mecagro.md\/ru\/\"},{\"@type\":\"ListItem\",\"position\":2,\"name\":\"Expozi\u0163ia Interna\u0163ional\u0103 Specializat\u0103 de ma\u015fini, echipamente si tehnologii destinate complexului agroindustrial \u201cMoldagroteh\u201d, 2016, edi\u021bia de prim\u0103var\u0103\"}]},{\"@type\":\"Person\",\"@id\":\"https:\/\/mecagro.md\/ru\/#\/schema\/person\/9cb9af40902cb2369af43c8578afdc6f\",\"name\":\"ammd_administrator\",\"image\":{\"@type\":\"ImageObject\",\"inLanguage\":\"en-US\",\"@id\":\"https:\/\/mecagro.md\/ru\/#\/schema\/person\/image\/\",\"url\":\"https:\/\/secure.gravatar.com\/avatar\/1fc9bed0ce2591b297516091bda51da9100e0717c05e04962a3bb5618e20c8be?s=96&d=mm&r=g\",\"contentUrl\":\"https:\/\/secure.gravatar.com\/avatar\/1fc9bed0ce2591b297516091bda51da9100e0717c05e04962a3bb5618e20c8be?s=96&d=mm&r=g\",\"caption\":\"ammd_administrator\"},\"sameAs\":[\"https:\/\/mecagro.md\"],\"url\":\"https:\/\/mecagro.md\/ru\/author\/ammd_administrator\/\"}]}<\/script>\n<!-- \/ Yoast SEO plugin. -->","yoast_head_json":{"title":"Expozi\u0163ia Interna\u0163ional\u0103 Specializat\u0103 de ma\u015fini, echipamente si tehnologii destinate complexului agroindustrial \u201cMoldagroteh\u201d, 2016, edi\u021bia de prim\u0103var\u0103 - \u0413\u041f \u0418\u0421\u0425\u0422 \u201d\u041c\u0415\u041a\u0410\u0413\u0420\u041e\u201d","robots":{"index":"index","follow":"follow","max-snippet":"max-snippet:-1","max-image-preview":"max-image-preview:large","max-video-preview":"max-video-preview:-1"},"canonical":"https:\/\/mecagro.md\/ru\/expozitia-internationala-specializata-de-masini-echipamente-si-tehnologii-destinate-complexului-agroindustrial-moldagroteh-2016-editia-de-primavara\/","og_locale":"en_US","og_type":"article","og_title":"Expozi\u0163ia Interna\u0163ional\u0103 Specializat\u0103 de ma\u015fini, echipamente si tehnologii destinate complexului agroindustrial \u201cMoldagroteh\u201d, 2016, edi\u021bia de prim\u0103var\u0103 - \u0413\u041f \u0418\u0421\u0425\u0422 \u201d\u041c\u0415\u041a\u0410\u0413\u0420\u041e\u201d","og_description":"&nbsp;\u00cen&nbsp; perioada&nbsp;&nbsp; 2-5&nbsp; martie&nbsp;&nbsp; 2016&nbsp;&nbsp; Institutul&nbsp; de&nbsp; Tehnic\u0103&nbsp; Agricol\u0103 &nbsp;\u201cMecagro\u201d&nbsp; a participat&nbsp; la Expozi\u0163ia&nbsp; Interna\u0163ional\u0103&nbsp; Specializat\u0103&nbsp; de&nbsp; ma\u015fini, echipamente&nbsp; si&nbsp; tehnologii&nbsp; destinate&nbsp; complexului&nbsp; agroindustrial&nbsp; \u201cMoldagroteh\u201d, edi\u0163ia&nbsp; de prim\u0103var\u0103. &nbsp;&nbsp;&nbsp;&nbsp;&nbsp;&nbsp;&nbsp; La&nbsp; aceast\u0103&nbsp; expozi\u0163ie&nbsp; prestigioas\u0103 au fost&nbsp; prezentate&nbsp; cele&nbsp; mai&nbsp; noi&nbsp; elaborari:&nbsp; ma\u015fini&nbsp; pentru protec\u0163ia&nbsp;&nbsp; plantelor (ma\u015fini&nbsp; de&nbsp; stropit, dispozitive&nbsp; pentu&nbsp; introducerea&nbsp; erbicidelor&nbsp; \u00een&nbsp; vii,&nbsp; livezi, culturi&nbsp; [&hellip;]","og_url":"https:\/\/mecagro.md\/ru\/expozitia-internationala-specializata-de-masini-echipamente-si-tehnologii-destinate-complexului-agroindustrial-moldagroteh-2016-editia-de-primavara\/","og_site_name":"\u0413\u041f \u0418\u0421\u0425\u0422 \u201d\u041c\u0415\u041a\u0410\u0413\u0420\u041e\u201d","article_published_time":"2022-06-18T14:22:53+00:00","article_modified_time":"2022-06-18T14:22:54+00:00","og_image":[{"width":600,"height":450,"url":"https:\/\/mecagro.md\/ru\/wp-content\/uploads\/2022\/04\/str-24-3000s-1.jpg","type":"image\/jpeg"}],"twitter_card":"summary_large_image","twitter_misc":{"Written by":"ammd_administrator","Est. reading time":"3 minutes"},"schema":{"@context":"https:\/\/schema.org","@graph":[{"@type":"WebSite","@id":"https:\/\/mecagro.md\/ru\/#website","url":"https:\/\/mecagro.md\/ru\/","name":"\u0413\u041f \u0418\u0421\u0425\u0422 \u201d\u041c\u0415\u041a\u0410\u0413\u0420\u041e\u201d","description":"","potentialAction":[{"@type":"SearchAction","target":{"@type":"EntryPoint","urlTemplate":"https:\/\/mecagro.md\/ru\/?s={search_term_string}"},"query-input":"required name=search_term_string"}],"inLanguage":"en-US"},{"@type":"ImageObject","inLanguage":"en-US","@id":"https:\/\/mecagro.md\/ru\/expozitia-internationala-specializata-de-masini-echipamente-si-tehnologii-destinate-complexului-agroindustrial-moldagroteh-2016-editia-de-primavara\/#primaryimage","url":"https:\/\/mecagro.md\/ru\/wp-content\/uploads\/2022\/04\/str-24-3000s-1.jpg","contentUrl":"https:\/\/mecagro.md\/ru\/wp-content\/uploads\/2022\/04\/str-24-3000s-1.jpg","width":600,"height":450},{"@type":"WebPage","@id":"https:\/\/mecagro.md\/ru\/expozitia-internationala-specializata-de-masini-echipamente-si-tehnologii-destinate-complexului-agroindustrial-moldagroteh-2016-editia-de-primavara\/#webpage","url":"https:\/\/mecagro.md\/ru\/expozitia-internationala-specializata-de-masini-echipamente-si-tehnologii-destinate-complexului-agroindustrial-moldagroteh-2016-editia-de-primavara\/","name":"Expozi\u0163ia Interna\u0163ional\u0103 Specializat\u0103 de ma\u015fini, echipamente si tehnologii destinate complexului agroindustrial \u201cMoldagroteh\u201d, 2016, edi\u021bia de prim\u0103var\u0103 - \u0413\u041f \u0418\u0421\u0425\u0422 \u201d\u041c\u0415\u041a\u0410\u0413\u0420\u041e\u201d","isPartOf":{"@id":"https:\/\/mecagro.md\/ru\/#website"},"primaryImageOfPage":{"@id":"https:\/\/mecagro.md\/ru\/expozitia-internationala-specializata-de-masini-echipamente-si-tehnologii-destinate-complexului-agroindustrial-moldagroteh-2016-editia-de-primavara\/#primaryimage"},"datePublished":"2022-06-18T14:22:53+00:00","dateModified":"2022-06-18T14:22:54+00:00","author":{"@id":"https:\/\/mecagro.md\/ru\/#\/schema\/person\/9cb9af40902cb2369af43c8578afdc6f"},"breadcrumb":{"@id":"https:\/\/mecagro.md\/ru\/expozitia-internationala-specializata-de-masini-echipamente-si-tehnologii-destinate-complexului-agroindustrial-moldagroteh-2016-editia-de-primavara\/#breadcrumb"},"inLanguage":"en-US","potentialAction":[{"@type":"ReadAction","target":["https:\/\/mecagro.md\/ru\/expozitia-internationala-specializata-de-masini-echipamente-si-tehnologii-destinate-complexului-agroindustrial-moldagroteh-2016-editia-de-primavara\/"]}]},{"@type":"BreadcrumbList","@id":"https:\/\/mecagro.md\/ru\/expozitia-internationala-specializata-de-masini-echipamente-si-tehnologii-destinate-complexului-agroindustrial-moldagroteh-2016-editia-de-primavara\/#breadcrumb","itemListElement":[{"@type":"ListItem","position":1,"name":"Home","item":"https:\/\/mecagro.md\/ru\/"},{"@type":"ListItem","position":2,"name":"Expozi\u0163ia Interna\u0163ional\u0103 Specializat\u0103 de ma\u015fini, echipamente si tehnologii destinate complexului agroindustrial \u201cMoldagroteh\u201d, 2016, edi\u021bia de prim\u0103var\u0103"}]},{"@type":"Person","@id":"https:\/\/mecagro.md\/ru\/#\/schema\/person\/9cb9af40902cb2369af43c8578afdc6f","name":"ammd_administrator","image":{"@type":"ImageObject","inLanguage":"en-US","@id":"https:\/\/mecagro.md\/ru\/#\/schema\/person\/image\/","url":"https:\/\/secure.gravatar.com\/avatar\/1fc9bed0ce2591b297516091bda51da9100e0717c05e04962a3bb5618e20c8be?s=96&d=mm&r=g","contentUrl":"https:\/\/secure.gravatar.com\/avatar\/1fc9bed0ce2591b297516091bda51da9100e0717c05e04962a3bb5618e20c8be?s=96&d=mm&r=g","caption":"ammd_administrator"},"sameAs":["https:\/\/mecagro.md"],"url":"https:\/\/mecagro.md\/ru\/author\/ammd_administrator\/"}]}},"_links":{"self":[{"href":"https:\/\/mecagro.md\/ru\/wp-json\/wp\/v2\/posts\/2378","targetHints":{"allow":["GET"]}}],"collection":[{"href":"https:\/\/mecagro.md\/ru\/wp-json\/wp\/v2\/posts"}],"about":[{"href":"https:\/\/mecagro.md\/ru\/wp-json\/wp\/v2\/types\/post"}],"author":[{"embeddable":true,"href":"https:\/\/mecagro.md\/ru\/wp-json\/wp\/v2\/users\/1"}],"replies":[{"embeddable":true,"href":"https:\/\/mecagro.md\/ru\/wp-json\/wp\/v2\/comments?post=2378"}],"version-history":[{"count":1,"href":"https:\/\/mecagro.md\/ru\/wp-json\/wp\/v2\/posts\/2378\/revisions"}],"predecessor-version":[{"id":2379,"href":"https:\/\/mecagro.md\/ru\/wp-json\/wp\/v2\/posts\/2378\/revisions\/2379"}],"wp:featuredmedia":[{"embeddable":true,"href":"https:\/\/mecagro.md\/ru\/wp-json\/wp\/v2\/media\/2374"}],"wp:attachment":[{"href":"https:\/\/mecagro.md\/ru\/wp-json\/wp\/v2\/media?parent=2378"}],"wp:term":[{"taxonomy":"category","embeddable":true,"href":"https:\/\/mecagro.md\/ru\/wp-json\/wp\/v2\/categories?post=2378"},{"taxonomy":"post_tag","embeddable":true,"href":"https:\/\/mecagro.md\/ru\/wp-json\/wp\/v2\/tags?post=2378"}],"curies":[{"name":"wp","href":"https:\/\/api.w.org\/{rel}","templated":true}]}}