{"id":2384,"date":"2022-06-18T14:29:22","date_gmt":"2022-06-18T14:29:22","guid":{"rendered":"https:\/\/mecagro.md\/?p=2384"},"modified":"2022-06-18T14:29:24","modified_gmt":"2022-06-18T14:29:24","slug":"vizita-ministrului-d-lui-eduard-grama-si-presedintelui-comisiei-parlamentului-pentru-agricultura-radu-mudreac-la-institutul-de-tehnica-agricola-mecagro","status":"publish","type":"post","link":"https:\/\/mecagro.md\/ru\/vizita-ministrului-d-lui-eduard-grama-si-presedintelui-comisiei-parlamentului-pentru-agricultura-radu-mudreac-la-institutul-de-tehnica-agricola-mecagro\/","title":{"rendered":"Vizita Ministrului d-lui Eduard Grama \u015fi Pre\u015fedintelui Comisiei Parlamentului pentru Agricultur\u0103 Radu Mudreac la Institutul de Tehnic\u0103 Agricol\u0103 ,,Mecagro\u2019\u2019"},"content":{"rendered":"\n<p>Pe data de 27 iunie 2016 a avut loc o vizit\u0103 a Ministrului d-lui E. Grama, Pre\u015fedintelui Comisiei Parlamentului d-lui R. Mudreac \u015fi a \u015eefului Direc\u0163iei \u015etiin\u0163\u0103, Educa\u0163ie \u015fi Extensiune MAIA d-nei R. Re\u015fitca la ITA ,,Mecagro\u2019\u2019.\u00a0\u00a0Scopul vizitei-studierea activit\u0103\u0163ii de cercetare-inovare \u015fi transfer tehnologic al Institutului ,,Mecagro\u2019\u2019 pentru eficientizarea aportului Institutului \u00een economia na\u0163ional\u0103. Conducerea MAIA \u015fi a Comisiei Parlamentului a f\u0103cut cuno\u015ftin\u0163\u0103 cu colectivul ITA ,,Mecagro\u2019\u2019, cu utilajele tehnologice din subdiviziunile Centrului Experimental de Transfer Tehnologic.<br>\u00a0 \u00a0 Cercet\u0103torii Institutului au prezentat elabor\u0103ri actuale \u015fi de perspectiv\u0103 \u00een domeniul protec\u0163iei plantelor, sectorului zootehnic, produc\u0163iei biocombustibililor.<br>Dup\u0103 studiul efectuat au avut loc discu\u0163ii \u015fi f\u0103cute propuneri de rigoare privind eficientizarea activit\u0103\u0163ii Institutului ,,Mecagro\u2019\u2019 \u00een domeniul mecaniz\u0103rii proceselor tehnologice din sectorul agroalimentar.<\/p>\n\n\n\n<figure class=\"wp-block-gallery aligncenter has-nested-images columns-1 is-cropped wp-block-gallery-1 is-layout-flex wp-block-gallery-is-layout-flex\">\n<figure class=\"wp-block-image size-large\"><img loading=\"lazy\" decoding=\"async\" width=\"600\" height=\"450\" data-id=\"2380\" src=\"https:\/\/mecagro.md\/wp-content\/uploads\/2022\/04\/image-0.02.014.jpg\" alt=\"\" class=\"wp-image-2380\" srcset=\"https:\/\/mecagro.md\/ru\/wp-content\/uploads\/2022\/04\/image-0.02.014.jpg 600w, https:\/\/mecagro.md\/ru\/wp-content\/uploads\/2022\/04\/image-0.02.014-300x225.jpg 300w\" sizes=\"auto, (max-width: 600px) 100vw, 600px\" \/><\/figure>\n\n\n\n<figure class=\"wp-block-image size-large\"><img loading=\"lazy\" decoding=\"async\" width=\"600\" height=\"450\" data-id=\"2382\" src=\"https:\/\/mecagro.md\/wp-content\/uploads\/2022\/04\/image-0.02.0111.jpg\" alt=\"\" class=\"wp-image-2382\" srcset=\"https:\/\/mecagro.md\/ru\/wp-content\/uploads\/2022\/04\/image-0.02.0111.jpg 600w, https:\/\/mecagro.md\/ru\/wp-content\/uploads\/2022\/04\/image-0.02.0111-300x225.jpg 300w\" sizes=\"auto, (max-width: 600px) 100vw, 600px\" \/><\/figure>\n\n\n\n<figure class=\"wp-block-image size-large\"><img loading=\"lazy\" decoding=\"async\" width=\"600\" height=\"450\" data-id=\"2383\" src=\"https:\/\/mecagro.md\/wp-content\/uploads\/2022\/04\/image-0.02.012.jpg\" alt=\"\" class=\"wp-image-2383\" srcset=\"https:\/\/mecagro.md\/ru\/wp-content\/uploads\/2022\/04\/image-0.02.012.jpg 600w, https:\/\/mecagro.md\/ru\/wp-content\/uploads\/2022\/04\/image-0.02.012-300x225.jpg 300w\" sizes=\"auto, (max-width: 600px) 100vw, 600px\" \/><\/figure>\n<\/figure>\n","protected":false},"excerpt":{"rendered":"<p>Pe data de 27 iunie 2016 a avut loc o vizit\u0103 a Ministrului d-lui E. Grama, Pre\u015fedintelui Comisiei Parlamentului d-lui R. Mudreac \u015fi a \u015eefului Direc\u0163iei \u015etiin\u0163\u0103, Educa\u0163ie \u015fi Extensiune MAIA d-nei R. Re\u015fitca la ITA ,,Mecagro\u2019\u2019.\u00a0\u00a0Scopul vizitei-studierea activit\u0103\u0163ii de cercetare-inovare \u015fi transfer tehnologic al Institutului ,,Mecagro\u2019\u2019 pentru eficientizarea aportului Institutului \u00een economia na\u0163ional\u0103. Conducerea [&hellip;]<\/p>\n","protected":false},"author":1,"featured_media":0,"comment_status":"open","ping_status":"open","sticky":false,"template":"","format":"standard","meta":{"footnotes":""},"categories":[30],"tags":[],"class_list":["post-2384","post","type-post","status-publish","format-standard","hentry","category-noutati"],"yoast_head":"<!-- This site is optimized with the Yoast SEO plugin v19.1 - https:\/\/yoast.com\/wordpress\/plugins\/seo\/ -->\n<title>Vizita Ministrului d-lui Eduard Grama \u015fi Pre\u015fedintelui Comisiei Parlamentului pentru Agricultur\u0103 Radu Mudreac la Institutul de Tehnic\u0103 Agricol\u0103 ,,Mecagro\u2019\u2019 - \u0413\u041f \u0418\u0421\u0425\u0422 \u201d\u041c\u0415\u041a\u0410\u0413\u0420\u041e\u201d<\/title>\n<meta name=\"robots\" content=\"index, follow, max-snippet:-1, max-image-preview:large, max-video-preview:-1\" \/>\n<link rel=\"canonical\" href=\"https:\/\/mecagro.md\/ru\/vizita-ministrului-d-lui-eduard-grama-si-presedintelui-comisiei-parlamentului-pentru-agricultura-radu-mudreac-la-institutul-de-tehnica-agricola-mecagro\/\" \/>\n<meta property=\"og:locale\" content=\"en_US\" \/>\n<meta property=\"og:type\" content=\"article\" \/>\n<meta property=\"og:title\" content=\"Vizita Ministrului d-lui Eduard Grama \u015fi Pre\u015fedintelui Comisiei Parlamentului pentru Agricultur\u0103 Radu Mudreac la Institutul de Tehnic\u0103 Agricol\u0103 ,,Mecagro\u2019\u2019 - \u0413\u041f \u0418\u0421\u0425\u0422 \u201d\u041c\u0415\u041a\u0410\u0413\u0420\u041e\u201d\" \/>\n<meta property=\"og:description\" content=\"Pe data de 27 iunie 2016 a avut loc o vizit\u0103 a Ministrului d-lui E. Grama, Pre\u015fedintelui Comisiei Parlamentului d-lui R. Mudreac \u015fi a \u015eefului Direc\u0163iei \u015etiin\u0163\u0103, Educa\u0163ie \u015fi Extensiune MAIA d-nei R. Re\u015fitca la ITA ,,Mecagro\u2019\u2019.\u00a0\u00a0Scopul vizitei-studierea activit\u0103\u0163ii de cercetare-inovare \u015fi transfer tehnologic al Institutului ,,Mecagro\u2019\u2019 pentru eficientizarea aportului Institutului \u00een economia na\u0163ional\u0103. Conducerea [&hellip;]\" \/>\n<meta property=\"og:url\" content=\"https:\/\/mecagro.md\/ru\/vizita-ministrului-d-lui-eduard-grama-si-presedintelui-comisiei-parlamentului-pentru-agricultura-radu-mudreac-la-institutul-de-tehnica-agricola-mecagro\/\" \/>\n<meta property=\"og:site_name\" content=\"\u0413\u041f \u0418\u0421\u0425\u0422 \u201d\u041c\u0415\u041a\u0410\u0413\u0420\u041e\u201d\" \/>\n<meta property=\"article:published_time\" content=\"2022-06-18T14:29:22+00:00\" \/>\n<meta property=\"article:modified_time\" content=\"2022-06-18T14:29:24+00:00\" \/>\n<meta property=\"og:image\" content=\"https:\/\/mecagro.md\/wp-content\/uploads\/2022\/04\/image-0.02.014.jpg\" \/>\n<meta name=\"twitter:card\" content=\"summary_large_image\" \/>\n<meta name=\"twitter:label1\" content=\"Written by\" \/>\n\t<meta name=\"twitter:data1\" content=\"ammd_administrator\" \/>\n\t<meta name=\"twitter:label2\" content=\"Est. reading time\" \/>\n\t<meta name=\"twitter:data2\" content=\"2 minutes\" \/>\n<script type=\"application\/ld+json\" class=\"yoast-schema-graph\">{\"@context\":\"https:\/\/schema.org\",\"@graph\":[{\"@type\":\"WebSite\",\"@id\":\"https:\/\/mecagro.md\/ru\/#website\",\"url\":\"https:\/\/mecagro.md\/ru\/\",\"name\":\"\u0413\u041f \u0418\u0421\u0425\u0422 \u201d\u041c\u0415\u041a\u0410\u0413\u0420\u041e\u201d\",\"description\":\"\",\"potentialAction\":[{\"@type\":\"SearchAction\",\"target\":{\"@type\":\"EntryPoint\",\"urlTemplate\":\"https:\/\/mecagro.md\/ru\/?s={search_term_string}\"},\"query-input\":\"required name=search_term_string\"}],\"inLanguage\":\"en-US\"},{\"@type\":\"ImageObject\",\"inLanguage\":\"en-US\",\"@id\":\"https:\/\/mecagro.md\/ru\/vizita-ministrului-d-lui-eduard-grama-si-presedintelui-comisiei-parlamentului-pentru-agricultura-radu-mudreac-la-institutul-de-tehnica-agricola-mecagro\/#primaryimage\",\"url\":\"https:\/\/mecagro.md\/wp-content\/uploads\/2022\/04\/image-0.02.014.jpg\",\"contentUrl\":\"https:\/\/mecagro.md\/wp-content\/uploads\/2022\/04\/image-0.02.014.jpg\"},{\"@type\":\"WebPage\",\"@id\":\"https:\/\/mecagro.md\/ru\/vizita-ministrului-d-lui-eduard-grama-si-presedintelui-comisiei-parlamentului-pentru-agricultura-radu-mudreac-la-institutul-de-tehnica-agricola-mecagro\/#webpage\",\"url\":\"https:\/\/mecagro.md\/ru\/vizita-ministrului-d-lui-eduard-grama-si-presedintelui-comisiei-parlamentului-pentru-agricultura-radu-mudreac-la-institutul-de-tehnica-agricola-mecagro\/\",\"name\":\"Vizita Ministrului d-lui Eduard Grama \u015fi Pre\u015fedintelui Comisiei Parlamentului pentru Agricultur\u0103 Radu Mudreac la Institutul de Tehnic\u0103 Agricol\u0103 ,,Mecagro\u2019\u2019 - \u0413\u041f \u0418\u0421\u0425\u0422 \u201d\u041c\u0415\u041a\u0410\u0413\u0420\u041e\u201d\",\"isPartOf\":{\"@id\":\"https:\/\/mecagro.md\/ru\/#website\"},\"primaryImageOfPage\":{\"@id\":\"https:\/\/mecagro.md\/ru\/vizita-ministrului-d-lui-eduard-grama-si-presedintelui-comisiei-parlamentului-pentru-agricultura-radu-mudreac-la-institutul-de-tehnica-agricola-mecagro\/#primaryimage\"},\"datePublished\":\"2022-06-18T14:29:22+00:00\",\"dateModified\":\"2022-06-18T14:29:24+00:00\",\"author\":{\"@id\":\"https:\/\/mecagro.md\/ru\/#\/schema\/person\/9cb9af40902cb2369af43c8578afdc6f\"},\"breadcrumb\":{\"@id\":\"https:\/\/mecagro.md\/ru\/vizita-ministrului-d-lui-eduard-grama-si-presedintelui-comisiei-parlamentului-pentru-agricultura-radu-mudreac-la-institutul-de-tehnica-agricola-mecagro\/#breadcrumb\"},\"inLanguage\":\"en-US\",\"potentialAction\":[{\"@type\":\"ReadAction\",\"target\":[\"https:\/\/mecagro.md\/ru\/vizita-ministrului-d-lui-eduard-grama-si-presedintelui-comisiei-parlamentului-pentru-agricultura-radu-mudreac-la-institutul-de-tehnica-agricola-mecagro\/\"]}]},{\"@type\":\"BreadcrumbList\",\"@id\":\"https:\/\/mecagro.md\/ru\/vizita-ministrului-d-lui-eduard-grama-si-presedintelui-comisiei-parlamentului-pentru-agricultura-radu-mudreac-la-institutul-de-tehnica-agricola-mecagro\/#breadcrumb\",\"itemListElement\":[{\"@type\":\"ListItem\",\"position\":1,\"name\":\"Home\",\"item\":\"https:\/\/mecagro.md\/ru\/\"},{\"@type\":\"ListItem\",\"position\":2,\"name\":\"Vizita Ministrului d-lui Eduard Grama \u015fi Pre\u015fedintelui Comisiei Parlamentului pentru Agricultur\u0103 Radu Mudreac la Institutul de Tehnic\u0103 Agricol\u0103 ,,Mecagro\u2019\u2019\"}]},{\"@type\":\"Person\",\"@id\":\"https:\/\/mecagro.md\/ru\/#\/schema\/person\/9cb9af40902cb2369af43c8578afdc6f\",\"name\":\"ammd_administrator\",\"image\":{\"@type\":\"ImageObject\",\"inLanguage\":\"en-US\",\"@id\":\"https:\/\/mecagro.md\/ru\/#\/schema\/person\/image\/\",\"url\":\"https:\/\/secure.gravatar.com\/avatar\/1fc9bed0ce2591b297516091bda51da9100e0717c05e04962a3bb5618e20c8be?s=96&d=mm&r=g\",\"contentUrl\":\"https:\/\/secure.gravatar.com\/avatar\/1fc9bed0ce2591b297516091bda51da9100e0717c05e04962a3bb5618e20c8be?s=96&d=mm&r=g\",\"caption\":\"ammd_administrator\"},\"sameAs\":[\"https:\/\/mecagro.md\"],\"url\":\"https:\/\/mecagro.md\/ru\/author\/ammd_administrator\/\"}]}<\/script>\n<!-- \/ Yoast SEO plugin. -->","yoast_head_json":{"title":"Vizita Ministrului d-lui Eduard Grama \u015fi Pre\u015fedintelui Comisiei Parlamentului pentru Agricultur\u0103 Radu Mudreac la Institutul de Tehnic\u0103 Agricol\u0103 ,,Mecagro\u2019\u2019 - \u0413\u041f \u0418\u0421\u0425\u0422 \u201d\u041c\u0415\u041a\u0410\u0413\u0420\u041e\u201d","robots":{"index":"index","follow":"follow","max-snippet":"max-snippet:-1","max-image-preview":"max-image-preview:large","max-video-preview":"max-video-preview:-1"},"canonical":"https:\/\/mecagro.md\/ru\/vizita-ministrului-d-lui-eduard-grama-si-presedintelui-comisiei-parlamentului-pentru-agricultura-radu-mudreac-la-institutul-de-tehnica-agricola-mecagro\/","og_locale":"en_US","og_type":"article","og_title":"Vizita Ministrului d-lui Eduard Grama \u015fi Pre\u015fedintelui Comisiei Parlamentului pentru Agricultur\u0103 Radu Mudreac la Institutul de Tehnic\u0103 Agricol\u0103 ,,Mecagro\u2019\u2019 - \u0413\u041f \u0418\u0421\u0425\u0422 \u201d\u041c\u0415\u041a\u0410\u0413\u0420\u041e\u201d","og_description":"Pe data de 27 iunie 2016 a avut loc o vizit\u0103 a Ministrului d-lui E. Grama, Pre\u015fedintelui Comisiei Parlamentului d-lui R. Mudreac \u015fi a \u015eefului Direc\u0163iei \u015etiin\u0163\u0103, Educa\u0163ie \u015fi Extensiune MAIA d-nei R. Re\u015fitca la ITA ,,Mecagro\u2019\u2019.\u00a0\u00a0Scopul vizitei-studierea activit\u0103\u0163ii de cercetare-inovare \u015fi transfer tehnologic al Institutului ,,Mecagro\u2019\u2019 pentru eficientizarea aportului Institutului \u00een economia na\u0163ional\u0103. Conducerea [&hellip;]","og_url":"https:\/\/mecagro.md\/ru\/vizita-ministrului-d-lui-eduard-grama-si-presedintelui-comisiei-parlamentului-pentru-agricultura-radu-mudreac-la-institutul-de-tehnica-agricola-mecagro\/","og_site_name":"\u0413\u041f \u0418\u0421\u0425\u0422 \u201d\u041c\u0415\u041a\u0410\u0413\u0420\u041e\u201d","article_published_time":"2022-06-18T14:29:22+00:00","article_modified_time":"2022-06-18T14:29:24+00:00","og_image":[{"url":"https:\/\/mecagro.md\/wp-content\/uploads\/2022\/04\/image-0.02.014.jpg"}],"twitter_card":"summary_large_image","twitter_misc":{"Written by":"ammd_administrator","Est. reading time":"2 minutes"},"schema":{"@context":"https:\/\/schema.org","@graph":[{"@type":"WebSite","@id":"https:\/\/mecagro.md\/ru\/#website","url":"https:\/\/mecagro.md\/ru\/","name":"\u0413\u041f \u0418\u0421\u0425\u0422 \u201d\u041c\u0415\u041a\u0410\u0413\u0420\u041e\u201d","description":"","potentialAction":[{"@type":"SearchAction","target":{"@type":"EntryPoint","urlTemplate":"https:\/\/mecagro.md\/ru\/?s={search_term_string}"},"query-input":"required name=search_term_string"}],"inLanguage":"en-US"},{"@type":"ImageObject","inLanguage":"en-US","@id":"https:\/\/mecagro.md\/ru\/vizita-ministrului-d-lui-eduard-grama-si-presedintelui-comisiei-parlamentului-pentru-agricultura-radu-mudreac-la-institutul-de-tehnica-agricola-mecagro\/#primaryimage","url":"https:\/\/mecagro.md\/wp-content\/uploads\/2022\/04\/image-0.02.014.jpg","contentUrl":"https:\/\/mecagro.md\/wp-content\/uploads\/2022\/04\/image-0.02.014.jpg"},{"@type":"WebPage","@id":"https:\/\/mecagro.md\/ru\/vizita-ministrului-d-lui-eduard-grama-si-presedintelui-comisiei-parlamentului-pentru-agricultura-radu-mudreac-la-institutul-de-tehnica-agricola-mecagro\/#webpage","url":"https:\/\/mecagro.md\/ru\/vizita-ministrului-d-lui-eduard-grama-si-presedintelui-comisiei-parlamentului-pentru-agricultura-radu-mudreac-la-institutul-de-tehnica-agricola-mecagro\/","name":"Vizita Ministrului d-lui Eduard Grama \u015fi Pre\u015fedintelui Comisiei Parlamentului pentru Agricultur\u0103 Radu Mudreac la Institutul de Tehnic\u0103 Agricol\u0103 ,,Mecagro\u2019\u2019 - \u0413\u041f \u0418\u0421\u0425\u0422 \u201d\u041c\u0415\u041a\u0410\u0413\u0420\u041e\u201d","isPartOf":{"@id":"https:\/\/mecagro.md\/ru\/#website"},"primaryImageOfPage":{"@id":"https:\/\/mecagro.md\/ru\/vizita-ministrului-d-lui-eduard-grama-si-presedintelui-comisiei-parlamentului-pentru-agricultura-radu-mudreac-la-institutul-de-tehnica-agricola-mecagro\/#primaryimage"},"datePublished":"2022-06-18T14:29:22+00:00","dateModified":"2022-06-18T14:29:24+00:00","author":{"@id":"https:\/\/mecagro.md\/ru\/#\/schema\/person\/9cb9af40902cb2369af43c8578afdc6f"},"breadcrumb":{"@id":"https:\/\/mecagro.md\/ru\/vizita-ministrului-d-lui-eduard-grama-si-presedintelui-comisiei-parlamentului-pentru-agricultura-radu-mudreac-la-institutul-de-tehnica-agricola-mecagro\/#breadcrumb"},"inLanguage":"en-US","potentialAction":[{"@type":"ReadAction","target":["https:\/\/mecagro.md\/ru\/vizita-ministrului-d-lui-eduard-grama-si-presedintelui-comisiei-parlamentului-pentru-agricultura-radu-mudreac-la-institutul-de-tehnica-agricola-mecagro\/"]}]},{"@type":"BreadcrumbList","@id":"https:\/\/mecagro.md\/ru\/vizita-ministrului-d-lui-eduard-grama-si-presedintelui-comisiei-parlamentului-pentru-agricultura-radu-mudreac-la-institutul-de-tehnica-agricola-mecagro\/#breadcrumb","itemListElement":[{"@type":"ListItem","position":1,"name":"Home","item":"https:\/\/mecagro.md\/ru\/"},{"@type":"ListItem","position":2,"name":"Vizita Ministrului d-lui Eduard Grama \u015fi Pre\u015fedintelui Comisiei Parlamentului pentru Agricultur\u0103 Radu Mudreac la Institutul de Tehnic\u0103 Agricol\u0103 ,,Mecagro\u2019\u2019"}]},{"@type":"Person","@id":"https:\/\/mecagro.md\/ru\/#\/schema\/person\/9cb9af40902cb2369af43c8578afdc6f","name":"ammd_administrator","image":{"@type":"ImageObject","inLanguage":"en-US","@id":"https:\/\/mecagro.md\/ru\/#\/schema\/person\/image\/","url":"https:\/\/secure.gravatar.com\/avatar\/1fc9bed0ce2591b297516091bda51da9100e0717c05e04962a3bb5618e20c8be?s=96&d=mm&r=g","contentUrl":"https:\/\/secure.gravatar.com\/avatar\/1fc9bed0ce2591b297516091bda51da9100e0717c05e04962a3bb5618e20c8be?s=96&d=mm&r=g","caption":"ammd_administrator"},"sameAs":["https:\/\/mecagro.md"],"url":"https:\/\/mecagro.md\/ru\/author\/ammd_administrator\/"}]}},"_links":{"self":[{"href":"https:\/\/mecagro.md\/ru\/wp-json\/wp\/v2\/posts\/2384","targetHints":{"allow":["GET"]}}],"collection":[{"href":"https:\/\/mecagro.md\/ru\/wp-json\/wp\/v2\/posts"}],"about":[{"href":"https:\/\/mecagro.md\/ru\/wp-json\/wp\/v2\/types\/post"}],"author":[{"embeddable":true,"href":"https:\/\/mecagro.md\/ru\/wp-json\/wp\/v2\/users\/1"}],"replies":[{"embeddable":true,"href":"https:\/\/mecagro.md\/ru\/wp-json\/wp\/v2\/comments?post=2384"}],"version-history":[{"count":1,"href":"https:\/\/mecagro.md\/ru\/wp-json\/wp\/v2\/posts\/2384\/revisions"}],"predecessor-version":[{"id":2385,"href":"https:\/\/mecagro.md\/ru\/wp-json\/wp\/v2\/posts\/2384\/revisions\/2385"}],"wp:attachment":[{"href":"https:\/\/mecagro.md\/ru\/wp-json\/wp\/v2\/media?parent=2384"}],"wp:term":[{"taxonomy":"category","embeddable":true,"href":"https:\/\/mecagro.md\/ru\/wp-json\/wp\/v2\/categories?post=2384"},{"taxonomy":"post_tag","embeddable":true,"href":"https:\/\/mecagro.md\/ru\/wp-json\/wp\/v2\/tags?post=2384"}],"curies":[{"name":"wp","href":"https:\/\/api.w.org\/{rel}","templated":true}]}}