{"id":2396,"date":"2022-06-18T14:40:18","date_gmt":"2022-06-18T14:40:18","guid":{"rendered":"https:\/\/mecagro.md\/?p=2396"},"modified":"2022-06-18T14:40:21","modified_gmt":"2022-06-18T14:40:21","slug":"expozitia-internationala-specializata-moldagroteh-2017-editia-de-primavara","status":"publish","type":"post","link":"https:\/\/mecagro.md\/ru\/expozitia-internationala-specializata-moldagroteh-2017-editia-de-primavara\/","title":{"rendered":"Expozi\u0163ia Interna\u0163ional\u0103 Specializat\u0103 \u201eMoldagroteh-2017\u201d edi\u021bia de prim\u0103var\u0103"},"content":{"rendered":"\n<p>\u00a0\u00a0 \u00a0 \u00cen perioada de 15-18 martie 2017 Institutul de Tehnic\u0103 Agricol\u0103 \u201eMecagro\u201d va participa la Expozi\u0163ia Interna\u0163ional\u0103 Specializat\u0103 de ma\u015fini, echipamente \u015fi tehnologii destinate complexului agroindustrial \u201eMoldagroteh-2017\u201d. Edi\u0163ia de prim\u0103var\u0103.<\/p>\n\n\n\n<figure class=\"wp-block-embed is-type-video is-provider-youtube wp-block-embed-youtube wp-embed-aspect-16-9 wp-has-aspect-ratio\"><div class=\"wp-block-embed__wrapper\">\n<iframe loading=\"lazy\" title=\"IS ITA Mecagro la expozitia Moldagroteh edi\u0163ia a XXXII-a\" width=\"500\" height=\"281\" src=\"https:\/\/www.youtube.com\/embed\/DRMIfbzqMmw?feature=oembed\" frameborder=\"0\" allow=\"accelerometer; autoplay; clipboard-write; encrypted-media; gyroscope; picture-in-picture; web-share\" referrerpolicy=\"strict-origin-when-cross-origin\" allowfullscreen><\/iframe>\n<\/div><\/figure>\n\n\n\n<p>&nbsp; &nbsp; &nbsp;&nbsp;La standul Institutului ve\u021bi putea face cuno\u0219tin\u021b\u0103 cu cele mai noi \u0219i performante elabor\u0103ri ale IS ITA \u201dMecagro\u201d cum ar fi:<\/p>\n\n\n\n<ul class=\"wp-block-list\"><li>Ma\u0219ini pentru protec\u021bia culturilor de c\u00eemp &#8211;&nbsp;<strong>STR-21-2000P<\/strong>,&nbsp;<strong>STR-21-2000;<\/strong><\/li><li>Dispozitiv cu ramp\u0103 hidroficat\u0103&nbsp;<strong>DR-12H;<\/strong><\/li><li>Ma\u0219ini pentru protec\u021bia planta\u021biilor moltianuale &#8211;&nbsp;<strong>SNU-2000<\/strong>,&nbsp;<strong>SLV-2000FV<\/strong>,&nbsp;<strong>SLV-2000CR;<\/strong><\/li><li>Dispozitive pentru administrarea erbicidelor &#8211;&nbsp;<strong>DEV-2, DEU 2,5-4,0 , DEU 4,0-6,0;<\/strong><\/li><li>Agregat pentru transportarea aper&nbsp;<strong>ATA-4000P;<\/strong><\/li><li>Mijloace tehnice pentru fitotehnie &#8211;&nbsp;<strong>agregat de tocare \u0219i mulcire a masei vegetale ATM<\/strong>,&nbsp;<strong>ma\u0219ina de cur\u0103\u021bat f\u00ee\u0219iile din r\u00eendurile de plante MC2;<\/strong><\/li><li><strong>R\u0103citor-transportor-cern\u0103tor<\/strong>&nbsp;pentru liniile de fabricare a peletelor.&nbsp; &nbsp; &nbsp; &nbsp; &nbsp;&nbsp; &nbsp; &nbsp; &nbsp;<\/li><\/ul>\n\n\n\n<p>Vizita\u021bi standul IS ITA Mecagro pentru a primi informa\u021bii despre produc\u021bia tehnico-\u0219tiin\u021bific\u0103 a Institutului de Tehnic\u0103 Agricol\u0103 Mecagro, ofertele de v\u00e2nzare \u0219i modalit\u0103\u021bile de procurare \u00een credit.<\/p>\n\n\n\n<p>V\u0103 a\u0219tept\u0103m !<\/p>\n","protected":false},"excerpt":{"rendered":"<p>\u00a0\u00a0 \u00a0 \u00cen perioada de 15-18 martie 2017 Institutul de Tehnic\u0103 Agricol\u0103 \u201eMecagro\u201d va participa la Expozi\u0163ia Interna\u0163ional\u0103 Specializat\u0103 de ma\u015fini, echipamente \u015fi tehnologii destinate complexului agroindustrial \u201eMoldagroteh-2017\u201d. Edi\u0163ia de prim\u0103var\u0103. &nbsp; &nbsp; &nbsp;&nbsp;La standul Institutului ve\u021bi putea face cuno\u0219tin\u021b\u0103 cu cele mai noi \u0219i performante elabor\u0103ri ale IS ITA \u201dMecagro\u201d cum ar fi: Ma\u0219ini [&hellip;]<\/p>\n","protected":false},"author":1,"featured_media":0,"comment_status":"open","ping_status":"open","sticky":false,"template":"","format":"standard","meta":{"footnotes":""},"categories":[30],"tags":[],"class_list":["post-2396","post","type-post","status-publish","format-standard","hentry","category-noutati"],"yoast_head":"<!-- This site is optimized with the Yoast SEO plugin v19.1 - https:\/\/yoast.com\/wordpress\/plugins\/seo\/ -->\n<title>Expozi\u0163ia Interna\u0163ional\u0103 Specializat\u0103 \u201eMoldagroteh-2017\u201d edi\u021bia de prim\u0103var\u0103 - \u0413\u041f \u0418\u0421\u0425\u0422 \u201d\u041c\u0415\u041a\u0410\u0413\u0420\u041e\u201d<\/title>\n<meta name=\"robots\" content=\"index, follow, max-snippet:-1, max-image-preview:large, max-video-preview:-1\" \/>\n<link rel=\"canonical\" href=\"https:\/\/mecagro.md\/ru\/expozitia-internationala-specializata-moldagroteh-2017-editia-de-primavara\/\" \/>\n<meta property=\"og:locale\" content=\"en_US\" \/>\n<meta property=\"og:type\" content=\"article\" \/>\n<meta property=\"og:title\" content=\"Expozi\u0163ia Interna\u0163ional\u0103 Specializat\u0103 \u201eMoldagroteh-2017\u201d edi\u021bia de prim\u0103var\u0103 - \u0413\u041f \u0418\u0421\u0425\u0422 \u201d\u041c\u0415\u041a\u0410\u0413\u0420\u041e\u201d\" \/>\n<meta property=\"og:description\" content=\"\u00a0\u00a0 \u00a0 \u00cen perioada de 15-18 martie 2017 Institutul de Tehnic\u0103 Agricol\u0103 \u201eMecagro\u201d va participa la Expozi\u0163ia Interna\u0163ional\u0103 Specializat\u0103 de ma\u015fini, echipamente \u015fi tehnologii destinate complexului agroindustrial \u201eMoldagroteh-2017\u201d. Edi\u0163ia de prim\u0103var\u0103. &nbsp; &nbsp; &nbsp;&nbsp;La standul Institutului ve\u021bi putea face cuno\u0219tin\u021b\u0103 cu cele mai noi \u0219i performante elabor\u0103ri ale IS ITA \u201dMecagro\u201d cum ar fi: Ma\u0219ini [&hellip;]\" \/>\n<meta property=\"og:url\" content=\"https:\/\/mecagro.md\/ru\/expozitia-internationala-specializata-moldagroteh-2017-editia-de-primavara\/\" \/>\n<meta property=\"og:site_name\" content=\"\u0413\u041f \u0418\u0421\u0425\u0422 \u201d\u041c\u0415\u041a\u0410\u0413\u0420\u041e\u201d\" \/>\n<meta property=\"article:published_time\" content=\"2022-06-18T14:40:18+00:00\" \/>\n<meta property=\"article:modified_time\" content=\"2022-06-18T14:40:21+00:00\" \/>\n<meta name=\"twitter:card\" content=\"summary_large_image\" \/>\n<meta name=\"twitter:label1\" content=\"Written by\" \/>\n\t<meta name=\"twitter:data1\" content=\"ammd_administrator\" \/>\n\t<meta name=\"twitter:label2\" content=\"Est. reading time\" \/>\n\t<meta name=\"twitter:data2\" content=\"1 minute\" \/>\n<script type=\"application\/ld+json\" class=\"yoast-schema-graph\">{\"@context\":\"https:\/\/schema.org\",\"@graph\":[{\"@type\":\"WebSite\",\"@id\":\"https:\/\/mecagro.md\/ru\/#website\",\"url\":\"https:\/\/mecagro.md\/ru\/\",\"name\":\"\u0413\u041f \u0418\u0421\u0425\u0422 \u201d\u041c\u0415\u041a\u0410\u0413\u0420\u041e\u201d\",\"description\":\"\",\"potentialAction\":[{\"@type\":\"SearchAction\",\"target\":{\"@type\":\"EntryPoint\",\"urlTemplate\":\"https:\/\/mecagro.md\/ru\/?s={search_term_string}\"},\"query-input\":\"required name=search_term_string\"}],\"inLanguage\":\"en-US\"},{\"@type\":\"WebPage\",\"@id\":\"https:\/\/mecagro.md\/ru\/expozitia-internationala-specializata-moldagroteh-2017-editia-de-primavara\/#webpage\",\"url\":\"https:\/\/mecagro.md\/ru\/expozitia-internationala-specializata-moldagroteh-2017-editia-de-primavara\/\",\"name\":\"Expozi\u0163ia Interna\u0163ional\u0103 Specializat\u0103 \u201eMoldagroteh-2017\u201d edi\u021bia de prim\u0103var\u0103 - \u0413\u041f \u0418\u0421\u0425\u0422 \u201d\u041c\u0415\u041a\u0410\u0413\u0420\u041e\u201d\",\"isPartOf\":{\"@id\":\"https:\/\/mecagro.md\/ru\/#website\"},\"datePublished\":\"2022-06-18T14:40:18+00:00\",\"dateModified\":\"2022-06-18T14:40:21+00:00\",\"author\":{\"@id\":\"https:\/\/mecagro.md\/ru\/#\/schema\/person\/9cb9af40902cb2369af43c8578afdc6f\"},\"breadcrumb\":{\"@id\":\"https:\/\/mecagro.md\/ru\/expozitia-internationala-specializata-moldagroteh-2017-editia-de-primavara\/#breadcrumb\"},\"inLanguage\":\"en-US\",\"potentialAction\":[{\"@type\":\"ReadAction\",\"target\":[\"https:\/\/mecagro.md\/ru\/expozitia-internationala-specializata-moldagroteh-2017-editia-de-primavara\/\"]}]},{\"@type\":\"BreadcrumbList\",\"@id\":\"https:\/\/mecagro.md\/ru\/expozitia-internationala-specializata-moldagroteh-2017-editia-de-primavara\/#breadcrumb\",\"itemListElement\":[{\"@type\":\"ListItem\",\"position\":1,\"name\":\"Home\",\"item\":\"https:\/\/mecagro.md\/ru\/\"},{\"@type\":\"ListItem\",\"position\":2,\"name\":\"Expozi\u0163ia Interna\u0163ional\u0103 Specializat\u0103 \u201eMoldagroteh-2017\u201d edi\u021bia de prim\u0103var\u0103\"}]},{\"@type\":\"Person\",\"@id\":\"https:\/\/mecagro.md\/ru\/#\/schema\/person\/9cb9af40902cb2369af43c8578afdc6f\",\"name\":\"ammd_administrator\",\"image\":{\"@type\":\"ImageObject\",\"inLanguage\":\"en-US\",\"@id\":\"https:\/\/mecagro.md\/ru\/#\/schema\/person\/image\/\",\"url\":\"https:\/\/secure.gravatar.com\/avatar\/1fc9bed0ce2591b297516091bda51da9100e0717c05e04962a3bb5618e20c8be?s=96&d=mm&r=g\",\"contentUrl\":\"https:\/\/secure.gravatar.com\/avatar\/1fc9bed0ce2591b297516091bda51da9100e0717c05e04962a3bb5618e20c8be?s=96&d=mm&r=g\",\"caption\":\"ammd_administrator\"},\"sameAs\":[\"https:\/\/mecagro.md\"],\"url\":\"https:\/\/mecagro.md\/ru\/author\/ammd_administrator\/\"}]}<\/script>\n<!-- \/ Yoast SEO plugin. -->","yoast_head_json":{"title":"Expozi\u0163ia Interna\u0163ional\u0103 Specializat\u0103 \u201eMoldagroteh-2017\u201d edi\u021bia de prim\u0103var\u0103 - \u0413\u041f \u0418\u0421\u0425\u0422 \u201d\u041c\u0415\u041a\u0410\u0413\u0420\u041e\u201d","robots":{"index":"index","follow":"follow","max-snippet":"max-snippet:-1","max-image-preview":"max-image-preview:large","max-video-preview":"max-video-preview:-1"},"canonical":"https:\/\/mecagro.md\/ru\/expozitia-internationala-specializata-moldagroteh-2017-editia-de-primavara\/","og_locale":"en_US","og_type":"article","og_title":"Expozi\u0163ia Interna\u0163ional\u0103 Specializat\u0103 \u201eMoldagroteh-2017\u201d edi\u021bia de prim\u0103var\u0103 - \u0413\u041f \u0418\u0421\u0425\u0422 \u201d\u041c\u0415\u041a\u0410\u0413\u0420\u041e\u201d","og_description":"\u00a0\u00a0 \u00a0 \u00cen perioada de 15-18 martie 2017 Institutul de Tehnic\u0103 Agricol\u0103 \u201eMecagro\u201d va participa la Expozi\u0163ia Interna\u0163ional\u0103 Specializat\u0103 de ma\u015fini, echipamente \u015fi tehnologii destinate complexului agroindustrial \u201eMoldagroteh-2017\u201d. Edi\u0163ia de prim\u0103var\u0103. &nbsp; &nbsp; &nbsp;&nbsp;La standul Institutului ve\u021bi putea face cuno\u0219tin\u021b\u0103 cu cele mai noi \u0219i performante elabor\u0103ri ale IS ITA \u201dMecagro\u201d cum ar fi: Ma\u0219ini [&hellip;]","og_url":"https:\/\/mecagro.md\/ru\/expozitia-internationala-specializata-moldagroteh-2017-editia-de-primavara\/","og_site_name":"\u0413\u041f \u0418\u0421\u0425\u0422 \u201d\u041c\u0415\u041a\u0410\u0413\u0420\u041e\u201d","article_published_time":"2022-06-18T14:40:18+00:00","article_modified_time":"2022-06-18T14:40:21+00:00","twitter_card":"summary_large_image","twitter_misc":{"Written by":"ammd_administrator","Est. reading time":"1 minute"},"schema":{"@context":"https:\/\/schema.org","@graph":[{"@type":"WebSite","@id":"https:\/\/mecagro.md\/ru\/#website","url":"https:\/\/mecagro.md\/ru\/","name":"\u0413\u041f \u0418\u0421\u0425\u0422 \u201d\u041c\u0415\u041a\u0410\u0413\u0420\u041e\u201d","description":"","potentialAction":[{"@type":"SearchAction","target":{"@type":"EntryPoint","urlTemplate":"https:\/\/mecagro.md\/ru\/?s={search_term_string}"},"query-input":"required name=search_term_string"}],"inLanguage":"en-US"},{"@type":"WebPage","@id":"https:\/\/mecagro.md\/ru\/expozitia-internationala-specializata-moldagroteh-2017-editia-de-primavara\/#webpage","url":"https:\/\/mecagro.md\/ru\/expozitia-internationala-specializata-moldagroteh-2017-editia-de-primavara\/","name":"Expozi\u0163ia Interna\u0163ional\u0103 Specializat\u0103 \u201eMoldagroteh-2017\u201d edi\u021bia de prim\u0103var\u0103 - \u0413\u041f \u0418\u0421\u0425\u0422 \u201d\u041c\u0415\u041a\u0410\u0413\u0420\u041e\u201d","isPartOf":{"@id":"https:\/\/mecagro.md\/ru\/#website"},"datePublished":"2022-06-18T14:40:18+00:00","dateModified":"2022-06-18T14:40:21+00:00","author":{"@id":"https:\/\/mecagro.md\/ru\/#\/schema\/person\/9cb9af40902cb2369af43c8578afdc6f"},"breadcrumb":{"@id":"https:\/\/mecagro.md\/ru\/expozitia-internationala-specializata-moldagroteh-2017-editia-de-primavara\/#breadcrumb"},"inLanguage":"en-US","potentialAction":[{"@type":"ReadAction","target":["https:\/\/mecagro.md\/ru\/expozitia-internationala-specializata-moldagroteh-2017-editia-de-primavara\/"]}]},{"@type":"BreadcrumbList","@id":"https:\/\/mecagro.md\/ru\/expozitia-internationala-specializata-moldagroteh-2017-editia-de-primavara\/#breadcrumb","itemListElement":[{"@type":"ListItem","position":1,"name":"Home","item":"https:\/\/mecagro.md\/ru\/"},{"@type":"ListItem","position":2,"name":"Expozi\u0163ia Interna\u0163ional\u0103 Specializat\u0103 \u201eMoldagroteh-2017\u201d edi\u021bia de prim\u0103var\u0103"}]},{"@type":"Person","@id":"https:\/\/mecagro.md\/ru\/#\/schema\/person\/9cb9af40902cb2369af43c8578afdc6f","name":"ammd_administrator","image":{"@type":"ImageObject","inLanguage":"en-US","@id":"https:\/\/mecagro.md\/ru\/#\/schema\/person\/image\/","url":"https:\/\/secure.gravatar.com\/avatar\/1fc9bed0ce2591b297516091bda51da9100e0717c05e04962a3bb5618e20c8be?s=96&d=mm&r=g","contentUrl":"https:\/\/secure.gravatar.com\/avatar\/1fc9bed0ce2591b297516091bda51da9100e0717c05e04962a3bb5618e20c8be?s=96&d=mm&r=g","caption":"ammd_administrator"},"sameAs":["https:\/\/mecagro.md"],"url":"https:\/\/mecagro.md\/ru\/author\/ammd_administrator\/"}]}},"_links":{"self":[{"href":"https:\/\/mecagro.md\/ru\/wp-json\/wp\/v2\/posts\/2396","targetHints":{"allow":["GET"]}}],"collection":[{"href":"https:\/\/mecagro.md\/ru\/wp-json\/wp\/v2\/posts"}],"about":[{"href":"https:\/\/mecagro.md\/ru\/wp-json\/wp\/v2\/types\/post"}],"author":[{"embeddable":true,"href":"https:\/\/mecagro.md\/ru\/wp-json\/wp\/v2\/users\/1"}],"replies":[{"embeddable":true,"href":"https:\/\/mecagro.md\/ru\/wp-json\/wp\/v2\/comments?post=2396"}],"version-history":[{"count":1,"href":"https:\/\/mecagro.md\/ru\/wp-json\/wp\/v2\/posts\/2396\/revisions"}],"predecessor-version":[{"id":2397,"href":"https:\/\/mecagro.md\/ru\/wp-json\/wp\/v2\/posts\/2396\/revisions\/2397"}],"wp:attachment":[{"href":"https:\/\/mecagro.md\/ru\/wp-json\/wp\/v2\/media?parent=2396"}],"wp:term":[{"taxonomy":"category","embeddable":true,"href":"https:\/\/mecagro.md\/ru\/wp-json\/wp\/v2\/categories?post=2396"},{"taxonomy":"post_tag","embeddable":true,"href":"https:\/\/mecagro.md\/ru\/wp-json\/wp\/v2\/tags?post=2396"}],"curies":[{"name":"wp","href":"https:\/\/api.w.org\/{rel}","templated":true}]}}